{"id":50347,"date":"2024-08-05T11:27:00","date_gmt":"2024-08-05T14:27:00","guid":{"rendered":"https:\/\/www.radiopresidenteibanez.cl\/web\/?p=50347"},"modified":"2024-08-05T09:38:56","modified_gmt":"2024-08-05T12:38:56","slug":"gobierno-anuncia-el-parque-villa-las-nieves-como-tercer-proyecto-de-recuperacion-de-espacios-publicos-dentro-de-punta-arenas","status":"publish","type":"post","link":"https:\/\/www.radiopresidenteibanez.cl\/web\/gobierno-anuncia-el-parque-villa-las-nieves-como-tercer-proyecto-de-recuperacion-de-espacios-publicos-dentro-de-punta-arenas\/","title":{"rendered":"GOBIERNO ANUNCIA EL PARQUE VILLA LAS NIEVES COMO TERCER PROYECTO DE RECUPERACION DE ESPACIOS PUBLICOS DENTRO DE PUNTA ARENAS"},"content":{"rendered":"\n<p>La inversi\u00f3n de entre $2500 y $3000 millones de pesos contempla \u00e1reas de juego y esparcimiento,<br>zonas para el encuentro y tambi\u00e9n el deporte, a trav\u00e9s de la recuperaci\u00f3n el sector de la<br>multicancha<br>Punta Arenas.- En un nuevo conversatorio con vecinas y vecinos de Punta Arenas, esta vez en Villa<br>las Nieves, las autoridades presentes, lideradas por el Delegado Presidencial, Jos\u00e9 Ruiz, sorprendi\u00f3<br>a la comunidad que asisti\u00f3 para escuchar los avances en el sector y presentar sus inquietudes. El<br>seremi de Educaci\u00f3n, Valent\u00edn Aguilera, record\u00f3 la construcci\u00f3n de un nuevo establecimiento<br>educacional, con proyecci\u00f3n de la primera piedra antes del t\u00e9rmino de este Gobierno; luego el<br>seremi de Bienes Nacionales, Sergio Reyes, declar\u00f3 la entrega de un terreno en el sector para el<br>Club de Leones, Punta Arenas, Mujer Austral; y el seremi de Desarrollo Social, Danilo Mimica, se<br>comprometi\u00f3 con un operativo de actualizaci\u00f3n del registro social de hogares.<br>Sin embargo, el turno el seremi de Obras P\u00fablicas, Jos\u00e9 Luis Hern\u00e1ndez, rompi\u00f3 toda expectativa.<br>De frente a la comunidad y con la proyecci\u00f3n de un video digital en 3D que mostraba un nuevo<br>proyecto para la Villa, sostuvo: \u201cLa idea nace como una forma de intervenir el estero Llau-Llau de<br>la zona urbana en toda su extensi\u00f3n. Estamos generando en cada una de las \u00e1reas principales,<br>proyectos de recuperaci\u00f3n, a trav\u00e9s de la instalaci\u00f3n de nuevos parques\u201d.<br>Entonces, el Delegado Presidencial, Jos\u00e9 Ruiz, sostuvo. \u201cHace dos semana estuvimos en la<br>poblaci\u00f3n Alfredo Lorca y hoy en Villa las Nieves, donde en este mismo espacio donde nos<br>encontramos, se realizar\u00e1 una importante inversi\u00f3n de entre $2500 y $3000 millones de pesos. La<br>recuperaci\u00f3n total se va a apoderar del estero, por tanto ampliamos varios metros cuadrados de<br>esta zona para que sea un espacio de encuentro para las personas\u201d.<br>La autoridad regional, agreg\u00f3: \u201cEsta proyecto se enmarca dentro del mandato del Presidente<br>Gabriel Boric, en su \u00faltima visita, cuando anuncia la recuperaci\u00f3n del terreno del Club H\u00edpico. Esta<br>importante iniciativa de ir recuperando espacios p\u00fablicos con \u00e1reas verdes y encuentros con la<br>comunidad, ten\u00edamos que realizarla en varios puntos de la ciudad\u201d.<br>Mauricio Far\u00edas, secretario de la Junta de Vecinos N 41, Villa las Nieves, asegur\u00f3: \u201cEsto va a ser<br>espectacular, yo creo que se va a notar ese cambio, porque es un proyecto muy visual. Los ni\u00f1os<br>van a tener donde ir, porque en este momento como dec\u00edan los vecinos, hay parques que no est\u00e1n<br>muy bien, porque con el paso del tiempo se han deteriorado. Entonces este parque nuevo llamar\u00eda<br>la atenci\u00f3n y vendr\u00edan los ni\u00f1os, los j\u00f3venes y hasta la tercera edad, dar\u00edamos una vuelta, a pasear,<br>no, ser\u00eda espectacular\u201d.<br>El proyecto contemplado entre avenida Los Generales y Avenida General Medina ser\u00e1 intervenido<br>en toda su superficie con \u00e1reas de juego y esparcimiento, zonas para el encuentro y la<br>conversaci\u00f3n, adem\u00e1s del deporte, a trav\u00e9s de la recuperaci\u00f3n el sector de la multicancha.<\/p>\n\n\n\n<p>\u201cLo que hemos venido a mostrar como Gobierno es el avance que ha tenido el sector, c\u00f3mo<br>nosotros tenemos proyectado el poder hacer Ciudades Justas. Que la inversi\u00f3n p\u00fablica no llegue<br>solamente al centro de la ciudad de Punta Arenas, sino que esto pueda traspasarse a los barrios.<br>Mientras vivimos en mejores barrios, con mejor infraestructura p\u00fablica, con un desarrollo urbano<br>acorde a las necesidades que estamos teniendo las chilenas y chilenos, estamos logrando mejorar<br>nuestra calidad de vida\u201d, sostuvo el seremi de Gobierno, Andro Mimica.<br>Para Javier C\u00e1rcamo, vecino de Villas las Nieves, \u201cel proyecto es fabuloso. Todo lo que sea un<br>avance para nosotros es muy bueno. Espero que se cumpla y yo pueda verlo. Para este sector es<br>necesario un parque, ya que hay cerca de 1000 viviendas, hay adultos, ni\u00f1os y j\u00f3venes, que<br>necesitan distracci\u00f3n, un espacio para disfrutar\u201d.<br>El seremi del Mop, Jos\u00e9 Luis Hern\u00e1ndez, explic\u00f3: \u201cEn la superficie actual que tiene el canal en esta<br>zona va a haber un bovedamiento a trav\u00e9s de un caj\u00f3n de tres subdivisiones al interior, que van a<br>permitir canalizar las aguas del sector, tanto las aguas que vienen de la parte alta del Llau-Llau,<br>como las aguas lluvias que van a lo largo de todo el estero y van ingresando. El caj\u00f3n de hormig\u00f3n<br>tiene aproximadamente tres metros de base, por un metro 20 de altura, y eso se va a desarrollar<br>en toda su extensi\u00f3n en este tramo. Y tambi\u00e9n vamos a generar una zona de conservaci\u00f3n de<br>aguas abajo que nos permita tambi\u00e9n hermosear toda esta zona\u201d<br>\u201cLa otra semana deber\u00edamos estar ingresado el proyecto al Ministerio de Desarrollo Social para su<br>RS y comenzar con su construcci\u00f3n a inicios del 2025, es un proyecto de un a\u00f1o plazo. Dentro de<br>nuestro Gobierno se van a estar entregado estos parques que estamos anunciando a trav\u00e9s de la<br>Red Urbana de Parques en la comuna de Punta Arenas\u201d, finaliz\u00f3 el vocero de Gobierno.<\/p>\n","protected":false},"excerpt":{"rendered":"<p>La inversi\u00f3n de entre $2500 y $3000 millones de pesos contempla \u00e1reas de juego y esparcimiento,zonas para el encuentro y tambi\u00e9n el deporte, a trav\u00e9s de la recuperaci\u00f3n el sector&#8230; <a class=\"read-more\" href=\"https:\/\/www.radiopresidenteibanez.cl\/web\/gobierno-anuncia-el-parque-villa-las-nieves-como-tercer-proyecto-de-recuperacion-de-espacios-publicos-dentro-de-punta-arenas\/\">Leer m\u00e1s<\/a><\/p>\n","protected":false},"author":2,"featured_media":50348,"comment_status":"closed","ping_status":"closed","sticky":false,"template":"","format":"standard","meta":{"footnotes":""},"categories":[1],"tags":[],"class_list":["post-50347","post","type-post","status-publish","format-standard","has-post-thumbnail","hentry","category-cronica"],"_links":{"self":[{"href":"https:\/\/www.radiopresidenteibanez.cl\/web\/wp-json\/wp\/v2\/posts\/50347","targetHints":{"allow":["GET"]}}],"collection":[{"href":"https:\/\/www.radiopresidenteibanez.cl\/web\/wp-json\/wp\/v2\/posts"}],"about":[{"href":"https:\/\/www.radiopresidenteibanez.cl\/web\/wp-json\/wp\/v2\/types\/post"}],"author":[{"embeddable":true,"href":"https:\/\/www.radiopresidenteibanez.cl\/web\/wp-json\/wp\/v2\/users\/2"}],"replies":[{"embeddable":true,"href":"https:\/\/www.radiopresidenteibanez.cl\/web\/wp-json\/wp\/v2\/comments?post=50347"}],"version-history":[{"count":0,"href":"https:\/\/www.radiopresidenteibanez.cl\/web\/wp-json\/wp\/v2\/posts\/50347\/revisions"}],"wp:featuredmedia":[{"embeddable":true,"href":"https:\/\/www.radiopresidenteibanez.cl\/web\/wp-json\/wp\/v2\/media\/50348"}],"wp:attachment":[{"href":"https:\/\/www.radiopresidenteibanez.cl\/web\/wp-json\/wp\/v2\/media?parent=50347"}],"wp:term":[{"taxonomy":"category","embeddable":true,"href":"https:\/\/www.radiopresidenteibanez.cl\/web\/wp-json\/wp\/v2\/categories?post=50347"},{"taxonomy":"post_tag","embeddable":true,"href":"https:\/\/www.radiopresidenteibanez.cl\/web\/wp-json\/wp\/v2\/tags?post=50347"}],"curies":[{"name":"wp","href":"https:\/\/api.w.org\/{rel}","templated":true}]}}