{"id":50344,"date":"2024-08-05T10:39:00","date_gmt":"2024-08-05T13:39:00","guid":{"rendered":"https:\/\/www.radiopresidenteibanez.cl\/web\/?p=50344"},"modified":"2024-08-05T09:01:42","modified_gmt":"2024-08-05T12:01:42","slug":"programa-quiero-mi-barrio-del-minvu-dio-cumplimiento-al-cien-por-ciento-de-los-proyectos-en-poblacion-el-pinguino","status":"publish","type":"post","link":"https:\/\/www.radiopresidenteibanez.cl\/web\/programa-quiero-mi-barrio-del-minvu-dio-cumplimiento-al-cien-por-ciento-de-los-proyectos-en-poblacion-el-pinguino\/","title":{"rendered":"PROGRAMA QUIERO MI BARRIO DEL MINVU DIO CUMPLIMIENTO AL CIEN POR CIENTO DE LOS PROYECTOS EN POBLACION EL PINGUINO"},"content":{"rendered":"\n<p>La ceremonia de cierre del programa Quiero Mi Barrio en Poblaci\u00f3n El Ping\u00fcino, cont\u00f3 con la asistencia del Delegado Presidencial Regional, Jos\u00e9 Ruiz Pivcevic, el Seremi de Vivienda y Urbanismo, Marco Uribe Saldivia, el presidente de la junta de vecinos N\u00b036 y del Consejo<br>Vecinal de Desarrollo, Atilio Barr\u00eda Ojeda, equipos municipales del MINVU y el Municipio de Punta<br>Arenas a cargo del programa, representantes de servicios p\u00fablicos con presencia en la poblaci\u00f3n,<br>organizaciones comunitarias, deportivas, folcl\u00f3ricas y numerosas vecinas y vecinos.<br>El encuentro se inici\u00f3 con un minuto de silencio en memoria del estimado funcionario municipal<br>Guillermo C\u00e1rcamo Vera, que se desempe\u00f1\u00f3 en el equipo territorial del Programa Quiero Mi Barrio<br>hasta su deceso el 7 de junio reci\u00e9n pasado. La figura del trabajador social fue recordada con afecto en varios pasajes de la ceremonia, dando muestra de su compromiso con el programa y cercan\u00eda con la comunidad.<\/p>\n\n\n\n<p>El Delegado Presidencial Regional, Jos\u00e9 Ruiz Pivcevic, destac\u00f3 \u201cEste programa que comenz\u00f3 por el a\u00f1o 2006, tiene un componente muy importante en la pol\u00edtica p\u00fablica como es la participaci\u00f3n ciudadana ya que son los mismos vecinos que determinan en cuanto al diagn\u00f3stico que tienen de su barrio, cu\u00e1les son las principales problem\u00e1ticas y c\u00f3mo pueden, a trav\u00e9s de este programa, llegar a solucionarlas. Un sitio eriazo pasa a ser una plazoleta, se recupera un paseo urbano o la m\u00e1s visible insignia de las obras en este barrio como fue la remodelaci\u00f3n de la plaza\u201d.<br>La autoridad felicit\u00f3 el trabajo desplegado y agreg\u00f3 que el Gobierno est\u00e1 llevando adelante una pol\u00edtica de recuperaci\u00f3n de los espacios p\u00fablicos generando parques en distintos puntos de la ciudad \u201cSon obras que permiten que habitemos los espacios p\u00fablicos y dejemos de estar encerrados en nuestras casas como tantas veces nos incitan a eso\u201d.<br>El Seremi de Vivienda y Urbanismo, Marco Uribe Saldivia, inform\u00f3 que la inversi\u00f3n en el barrio El<br>Ping\u00fcino borde\u00f3 los mil millones de pesos \u201cSe hicieron importantes trabajos de recuperaci\u00f3n de<br>espacios p\u00fablicos, la cancha de juegos, la plaza principal, un sector que estaba en desuso se pudo<br>recuperar, tambi\u00e9n un paradero que fue la obra de confianza importante para este lugar. Cada uno de los proyectos fueron consensuados y validados por los vecinos y vecinas y hoy d\u00eda podemos decir como Ministerio de Vivienda y Urbanismo que est\u00e1 el cien por ciento de las obras ejecutadas gracias al Programa Quiero Mi Barrio\u201d.<br>Atilio Barr\u00eda Ojeda, presidente de la Junta de vecinos N\u00b036 y del Consejo Vecinal de Desarrollo(CVD) del Barrio El Ping\u00fcino, indic\u00f3 \u201cEl gesto est\u00e1 a la vista de todos los vecinos, se hizo un inmenso trabajo ac\u00e1 y eso es indudablemente un inmenso apoyo para nuestra gente, la calidad de vida se mejora, todo tiene un significado muy importante, nuestros vecinos lo agradecen y lo valoran tambi\u00e9n. Se construy\u00f3 el mejoramiento de veredas y quinientas entradas de veh\u00edculos, despu\u00e9s vinieron el mejoramiento de la plaza y la recuperaci\u00f3n del sitio eriazo que se convirti\u00f3 en una plazoleta\u201d.<br>Respecto a la intervenci\u00f3n, el dirigente complement\u00f3 \u201cTodos los vecinos participaron en esto, ellos<br>fueron los que dise\u00f1aron las obras mediante unas encuestas, por eso estamos muy contentos y<br>agradecidos, cuando miramos el barrio y c\u00f3mo se ve de bonita la poblaci\u00f3n. Hay cosas que ocurren despu\u00e9s como los veh\u00edculos que se estacionan sobre las veredas, eso nos duele un poco., ojal\u00e1 alg\u00fan d\u00eda la gente entienda que las veredas son para los peatones y que los veh\u00edculos deben tener su lugar donde estacionar\u201d.<br>Reconocimientos<br>La actividad cont\u00f3 con la presentaci\u00f3n del libro que rese\u00f1a la historia del barrio, escrito por el periodista Cristian Morales Contreras, con testimonios fotogr\u00e1ficos y relatos que dan cuenta de la evoluci\u00f3n del sector poblacional desde su conformaci\u00f3n a partir del a\u00f1o 1967 y que hoy cuenta con alrededor de 500 hogares.<br>Se entregaron, adem\u00e1s, reconocimientos a participantes destacados de los proyectos sociales<br>desarrollados al alero del Programa Quiero Mi Barrio, entre ellos, al presidente de la Junta de vecinos, Atilio Barr\u00eda Ojeda, Pablo Aguilante Lucero, Juana L\u00f3pez Aguilar, Gloria Barr\u00eda Ojeda, Clotilde Canales Canales y Diomedes Barr\u00eda Burgos.<br>La cita fue amenizada por los conjuntos folcl\u00f3ricos \u201cEntre espuelas y coirones\u201d y \u201cArrieros en la Patagonia\u201d y la int\u00e9rprete ganadora del Festival del cantar vecinal 2024, Francisca Flores Mansilla.<\/p>\n\n\n\n<p><\/p>\n","protected":false},"excerpt":{"rendered":"<p>La ceremonia de cierre del programa Quiero Mi Barrio en Poblaci\u00f3n El Ping\u00fcino, cont\u00f3 con la asistencia del Delegado Presidencial Regional, Jos\u00e9 Ruiz Pivcevic, el Seremi de Vivienda y Urbanismo,&#8230; <a class=\"read-more\" href=\"https:\/\/www.radiopresidenteibanez.cl\/web\/programa-quiero-mi-barrio-del-minvu-dio-cumplimiento-al-cien-por-ciento-de-los-proyectos-en-poblacion-el-pinguino\/\">Leer m\u00e1s<\/a><\/p>\n","protected":false},"author":2,"featured_media":50345,"comment_status":"closed","ping_status":"closed","sticky":false,"template":"","format":"standard","meta":{"footnotes":""},"categories":[1],"tags":[],"class_list":["post-50344","post","type-post","status-publish","format-standard","has-post-thumbnail","hentry","category-cronica"],"_links":{"self":[{"href":"https:\/\/www.radiopresidenteibanez.cl\/web\/wp-json\/wp\/v2\/posts\/50344","targetHints":{"allow":["GET"]}}],"collection":[{"href":"https:\/\/www.radiopresidenteibanez.cl\/web\/wp-json\/wp\/v2\/posts"}],"about":[{"href":"https:\/\/www.radiopresidenteibanez.cl\/web\/wp-json\/wp\/v2\/types\/post"}],"author":[{"embeddable":true,"href":"https:\/\/www.radiopresidenteibanez.cl\/web\/wp-json\/wp\/v2\/users\/2"}],"replies":[{"embeddable":true,"href":"https:\/\/www.radiopresidenteibanez.cl\/web\/wp-json\/wp\/v2\/comments?post=50344"}],"version-history":[{"count":0,"href":"https:\/\/www.radiopresidenteibanez.cl\/web\/wp-json\/wp\/v2\/posts\/50344\/revisions"}],"wp:featuredmedia":[{"embeddable":true,"href":"https:\/\/www.radiopresidenteibanez.cl\/web\/wp-json\/wp\/v2\/media\/50345"}],"wp:attachment":[{"href":"https:\/\/www.radiopresidenteibanez.cl\/web\/wp-json\/wp\/v2\/media?parent=50344"}],"wp:term":[{"taxonomy":"category","embeddable":true,"href":"https:\/\/www.radiopresidenteibanez.cl\/web\/wp-json\/wp\/v2\/categories?post=50344"},{"taxonomy":"post_tag","embeddable":true,"href":"https:\/\/www.radiopresidenteibanez.cl\/web\/wp-json\/wp\/v2\/tags?post=50344"}],"curies":[{"name":"wp","href":"https:\/\/api.w.org\/{rel}","templated":true}]}}