{"id":50335,"date":"2024-08-04T15:13:00","date_gmt":"2024-08-04T18:13:00","guid":{"rendered":"https:\/\/www.radiopresidenteibanez.cl\/web\/?p=50335"},"modified":"2024-08-04T13:01:17","modified_gmt":"2024-08-04T16:01:17","slug":"aguas-magallanes-llama-a-revisar-y-proteger-las-instalaciones-domiciliarias-expuestas-al-frio","status":"publish","type":"post","link":"https:\/\/www.radiopresidenteibanez.cl\/web\/aguas-magallanes-llama-a-revisar-y-proteger-las-instalaciones-domiciliarias-expuestas-al-frio\/","title":{"rendered":"Aguas Magallanes llama a revisar y proteger las instalaciones domiciliarias expuestas al fr\u00edo"},"content":{"rendered":"\n<p>Ante la inminente llegada de un nuevo frente de bajas temperaturas, Aguas Magallanes alert\u00f3 sobre la urgencia de verificar el estado de las instalaciones domiciliarias como ca\u00f1er\u00edas de agua exteriores, llaves de riego y el medidor.<br>Luego de la emergencia clim\u00e1tica vivida el mes pasado y que afect\u00f3 principalmente a vecinos de Punta Arenas, la expectativa es que la comunidad haya tomado las medidas y acciones necesarias en sus domicilios para prevenir y evitar una nueva contingencia.<br><strong>RECOMENDACIONES<\/strong><br>Vivir en una regi\u00f3n de clima ant\u00e1rtico conlleva una serie de acciones que permitan enfrentar estas olas de fr\u00edo intenso, sin poner en riesgo el abastecimiento de agua potable. Cristian Oyarz\u00fan Araya, subgerente de Clientes indic\u00f3 que para ello, \u201clo b\u00e1sico es, por ejemplo, proteger las ca\u00f1er\u00edas de agua que puedan estar expuestas, con material adecuado, especialmente fabricado para este tipo de infraestructura y luego &nbsp;recubrirlo con cinta adhesiva para evitar que se humedezca; otra medida simple pero efectiva es desconectar las mangueras de riego, y, muy importante, proteger el medidor con un nicho herm\u00e9tico, es decir, que no tenga espacios por donde se pueda filtrar el agua; que en su interior y tapa tenga material aislante como plumavit y por ning\u00fan motivo usar ropa, ya que esta se humedece y por lo tanto no cumple con el objetivo\u201d, aclar\u00f3. El ejecutivo invit\u00f3 a la comunidad a sumarse a la campa\u00f1a invierno con estas simples pero efectivas medidas, \u201cya que de esta forma, colaboramos en sostener un servicio esencial y minimizamos de manera importante el riesgo de quedar sin suministro\u201d concluy\u00f3.<br>&#8212;<\/p>\n","protected":false},"excerpt":{"rendered":"<p>Ante la inminente llegada de un nuevo frente de bajas temperaturas, Aguas Magallanes alert\u00f3 sobre la urgencia de verificar el estado de las instalaciones domiciliarias como ca\u00f1er\u00edas de agua exteriores,&#8230; <a class=\"read-more\" href=\"https:\/\/www.radiopresidenteibanez.cl\/web\/aguas-magallanes-llama-a-revisar-y-proteger-las-instalaciones-domiciliarias-expuestas-al-frio\/\">Leer m\u00e1s<\/a><\/p>\n","protected":false},"author":2,"featured_media":50336,"comment_status":"closed","ping_status":"closed","sticky":false,"template":"","format":"standard","meta":{"footnotes":""},"categories":[1],"tags":[],"class_list":["post-50335","post","type-post","status-publish","format-standard","has-post-thumbnail","hentry","category-cronica"],"_links":{"self":[{"href":"https:\/\/www.radiopresidenteibanez.cl\/web\/wp-json\/wp\/v2\/posts\/50335","targetHints":{"allow":["GET"]}}],"collection":[{"href":"https:\/\/www.radiopresidenteibanez.cl\/web\/wp-json\/wp\/v2\/posts"}],"about":[{"href":"https:\/\/www.radiopresidenteibanez.cl\/web\/wp-json\/wp\/v2\/types\/post"}],"author":[{"embeddable":true,"href":"https:\/\/www.radiopresidenteibanez.cl\/web\/wp-json\/wp\/v2\/users\/2"}],"replies":[{"embeddable":true,"href":"https:\/\/www.radiopresidenteibanez.cl\/web\/wp-json\/wp\/v2\/comments?post=50335"}],"version-history":[{"count":0,"href":"https:\/\/www.radiopresidenteibanez.cl\/web\/wp-json\/wp\/v2\/posts\/50335\/revisions"}],"wp:featuredmedia":[{"embeddable":true,"href":"https:\/\/www.radiopresidenteibanez.cl\/web\/wp-json\/wp\/v2\/media\/50336"}],"wp:attachment":[{"href":"https:\/\/www.radiopresidenteibanez.cl\/web\/wp-json\/wp\/v2\/media?parent=50335"}],"wp:term":[{"taxonomy":"category","embeddable":true,"href":"https:\/\/www.radiopresidenteibanez.cl\/web\/wp-json\/wp\/v2\/categories?post=50335"},{"taxonomy":"post_tag","embeddable":true,"href":"https:\/\/www.radiopresidenteibanez.cl\/web\/wp-json\/wp\/v2\/tags?post=50335"}],"curies":[{"name":"wp","href":"https:\/\/api.w.org\/{rel}","templated":true}]}}