{"id":50320,"date":"2024-08-03T09:47:00","date_gmt":"2024-08-03T12:47:00","guid":{"rendered":"https:\/\/www.radiopresidenteibanez.cl\/web\/?p=50320"},"modified":"2024-08-03T00:44:21","modified_gmt":"2024-08-03T03:44:21","slug":"agaci-junto-a-autoridades-realizo-lanzamiento-de-su-colecta-2024","status":"publish","type":"post","link":"https:\/\/www.radiopresidenteibanez.cl\/web\/agaci-junto-a-autoridades-realizo-lanzamiento-de-su-colecta-2024\/","title":{"rendered":"AGACI junto a autoridades realiz\u00f3 lanzamiento de su colecta 2024"},"content":{"rendered":"\n<p>En la Delegaci\u00f3n Presidencial, acompa\u00f1amos a la Agrupaci\u00f3n de Ayuda a los Ciegos, AGACI, en el lanzamiento de la Colecta 2024, evento que esta agrupaci\u00f3n sin fines de lucro y autogestionada realiza anualmente. En la instancia estuvieron presentes, el Delegado Presidencial Regional, Jos\u00e9 Ruiz Pivcevic, la Presidenta de AGACI, Ester Andrade Oyarzo, Seremi de Desarrollo Social, Danilo Mimica, Seremi de la Mujer, Alejandra Ruiz, representantes de Carabineros, de Sernac, Instituto Sagrada Familia e integrantes de la agrupaci\u00f3n.<br>La visi\u00f3n es algo que damos por sentado pero, sin ella, cuesta m\u00e1s que al resto, aprender, caminar, leer, participar en la escuela y trabajar. Para las personas ciegas es fundamental tener un conocimiento t\u00e9cnico que les permita ubicarse y desplazarse por distintos lugares. Tambi\u00e9n saber sobre herramientas que les ayuden en su diario vivir, es tener una experiencia sobre la ceguera misma que comprenda incluso reconocerse e identificarse como persona ciega con discapacidad visual.<br>Por esa raz\u00f3n esta colecta con el lema \u201cDejar una huella positiva, est\u00e1 en tus manos\u201d, es tan importante y en ese sentido el Delegado Presidencial Regional, Jos\u00e9 Ruiz Pivcevic explica que, \u201cestamos apoyando nuevamente a esta importante agrupaci\u00f3n, que es muy activa y cumple un rol muy importante para hacer de nuestra ciudad una mucho m\u00e1s inclusiva, con todo lo que aportan en inclusi\u00f3n laboral, acad\u00e9mica, apoyo en rehabilitaci\u00f3n f\u00edsica, psicosocial. Esta agrupaci\u00f3n es autogestionada y por lo mismo requiere del apoyo de todos y todas y ese es el objetivo\u201d.<br>El Delegado hizo un llamado a todos los magall\u00e1nicos y magall\u00e1nicas para el 10 de septiembre \u201ca redoblar los esfuerzos y apoyar a AGACI, porque sin lugar a dudas, el aporte que todos y todas realicen es fundamental para cumplir los objetivos de tan noble organizaci\u00f3n\u201d.<br>El Seremi de Desarrollo Social, Danilo Mimica, insisti\u00f3 en el llamado a la comunidad, agregando que \u201ctambi\u00e9n queremos incorporar en este llamado a las empresas privadas de la regi\u00f3n, para que tambi\u00e9n formen parte de esta campa\u00f1a- Queremos recordar que AGACI es una organizaci\u00f3n social que constantemente nos est\u00e1 apoyando tambi\u00e9n a nosotros como Desarrollo Social y por eso queremos destacar el trabajo que hacen siendo parte del Concejo de la Sociedad Civil de Senadis. Hoy queremos hacer un llamado para que todos y todas puedan apoyar en esta campa\u00f1a\u201d.<br>La Presidenta de AGACI, Ester sincer\u00f3 su solicitud, explicando la importancia de esta colecta, y agradeciendo el apoyo de las autoridades y detall\u00f3 el objetivo de la recaudaci\u00f3n \u201ccon este dinero mantenemos nuestra sede, y los distintos talleres en los cuales estamos trabajando a full este a\u00f1o, queremos ampliarnos porque ya se nos ha hecho chico el espacio\u201d, explica Ester.<br>Y es que si nos sorprendemos con las habilidades de personas ciegas que son capaces de pasar una calle, esquivar un obst\u00e1culo o poder llegar a un lugar sin contratiempos, no es porque tengan capacidades mayores que las de otro ser humano, sino que tienen que aprender las t\u00e9cnicas correspondientes para hacerlo de manera segura y apropiada y adquirir las herramientas necesarias para su autonom\u00eda \u201cTenemos talleres de acondicionamiento f\u00edsico, clases de canto, grupo de teatro, manualidades y para todas esas actividades que son importantes, tenemos que buscar las horas en que la mayor\u00eda pueda participar, por lo mismo queremos ampliarnos para poder hacer todos nuestros talleres y adem\u00e1s facilitar a distintas instituciones el espacio\u201d. Detalla Ester Por eso su deseo es superar los diez millones que lograron reunir el a\u00f1o pasado \u201cesperamos llegar a los 15, 20 millones este a\u00f1o, y si se puede m\u00e1s\u2026 As\u00ed es que esperamos el aporte de la empresa. Ser\u00eda s\u00faper importante que nos colaboraran porque la discapacidad, toda discapacidad es cara. Todos los implementos que ocupamos las personas con distinta discapacidad son caros y para nosotros un lector para el computador nos sale cerca de un mill\u00f3n de pesos, entonces ojal\u00e1 que este a\u00f1o la empresa se manifieste m\u00e1s\u201d.<br>Adhiriendo al llamado, la Seremi de la Mujer, Alejandra Ruiz, indica \u201choy la discapacidad visual en Chile es del 1% y sabemos las dificultades que en general tienen las mujeres, pero las mujeres ciegas, con discapacidad visual se hace a\u00fan m\u00e1s complejo y esta organizaci\u00f3n AGACI lleva 30 a\u00f1os en nuestra regi\u00f3n, ense\u00f1\u00e1ndonos, incluso a las autoridades, para que hagamos una sociedad m\u00e1s inclusiva, aportando en las pol\u00edticas p\u00fablicas.<br>Ellos tambi\u00e9n realizan actividades para, justamente, hacer m\u00e1s viable la vida, capacitando a las personas que est\u00e1n perdiendo la visi\u00f3n. Por lo tanto, un llamado a cooperar en esta colecta, que nadie se quede afuera, todos podemos hacerlo a trav\u00e9s de transferencia, a trav\u00e9s de las alcanc\u00edas que est\u00e1n desplegadas en toda la regi\u00f3n y tambi\u00e9n un llamado a quienes puedan hacer aportes m\u00e1s significativos y donativos desde el espacio privado\u201d.<br>Representando a la juventud, la alumna del Instituto Sagrada Familia, Estefan\u00eda Palma sincer\u00f3 que \u201cen el colegio siempre nos est\u00e1n inculcando amar al pr\u00f3jimo y ayudar a las personas que te rodean y eso es lo que estamos haciendo. Invito a todos los colegios de Magallanes a colaborar porque mientras m\u00e1s se llena la alcanc\u00eda m\u00e1s se pueden llenar los corazones de estas personas que necesitan ayuda\u201d.<br>V\u00edctor Medina Vera, representante de la Secci\u00f3n regional de Derechos Humanos y Protecci\u00f3n de la Familia, de Carabineros, \u201cdesde que inici\u00f3 sus funciones la Secci\u00f3n de Derechos Humanos en la regi\u00f3n, AGACI ha estado integrada a las actividades de capacitaci\u00f3n que son dirigidas a personal de Carabineros y que son muchas veces quienes tienen que atender a las personas con discapacidad visual, recogiendo de ellos mismos, de primera fuente, las necesidades y las dificultades que pueden enfrentar al momento de querer hacer una denuncia ante Carabineros\u201d. El oficial reiter\u00f3 el llamado a la comunidad Luis Tri\u00f1anes C\u00f3rdova, encargado de proyectos de la agrupaci\u00f3n, en su llamado a apoyar, explica \u201cm\u00e1s del 90% de los recursos los tenemos a trav\u00e9s de los vecinos y la comunidad, por tanto esta colecta y los bonos de cooperaci\u00f3n, que son las grandes actividades de nuestra organizaci\u00f3n son fundamentales. Nosotros no tenemos filas de empresarios aportando, son ustedes, los vecinos, los ciudadanos de Magallanes, los<br>magall\u00e1nicos repartidos por el mundo, o quienes tienen un coraz\u00f3n magall\u00e1nico y que aman esta tierra, quienes nos dan su aporte para poder rehabilitar a los colegas con discapacidad visual. Con su aporte no cambiamos la sociedad todav\u00eda, pero le cambiamos el mundo a una persona con discapacidad visual.<br>Apoyennos, desde hoy d\u00eda pueden aportar a trav\u00e9s de Caja vecina, de transferencia bancaria y tambi\u00e9n el martes 10 de septiembre. \u201cDejar una huella positiva, est\u00e1 en tus manos\u201d.<\/p>\n\n\n\n<p><\/p>\n","protected":false},"excerpt":{"rendered":"<p>En la Delegaci\u00f3n Presidencial, acompa\u00f1amos a la Agrupaci\u00f3n de Ayuda a los Ciegos, AGACI, en el lanzamiento de la Colecta 2024, evento que esta agrupaci\u00f3n sin fines de lucro y&#8230; <a class=\"read-more\" href=\"https:\/\/www.radiopresidenteibanez.cl\/web\/agaci-junto-a-autoridades-realizo-lanzamiento-de-su-colecta-2024\/\">Leer m\u00e1s<\/a><\/p>\n","protected":false},"author":2,"featured_media":50321,"comment_status":"closed","ping_status":"closed","sticky":false,"template":"","format":"standard","meta":{"footnotes":""},"categories":[1],"tags":[],"class_list":["post-50320","post","type-post","status-publish","format-standard","has-post-thumbnail","hentry","category-cronica"],"_links":{"self":[{"href":"https:\/\/www.radiopresidenteibanez.cl\/web\/wp-json\/wp\/v2\/posts\/50320","targetHints":{"allow":["GET"]}}],"collection":[{"href":"https:\/\/www.radiopresidenteibanez.cl\/web\/wp-json\/wp\/v2\/posts"}],"about":[{"href":"https:\/\/www.radiopresidenteibanez.cl\/web\/wp-json\/wp\/v2\/types\/post"}],"author":[{"embeddable":true,"href":"https:\/\/www.radiopresidenteibanez.cl\/web\/wp-json\/wp\/v2\/users\/2"}],"replies":[{"embeddable":true,"href":"https:\/\/www.radiopresidenteibanez.cl\/web\/wp-json\/wp\/v2\/comments?post=50320"}],"version-history":[{"count":0,"href":"https:\/\/www.radiopresidenteibanez.cl\/web\/wp-json\/wp\/v2\/posts\/50320\/revisions"}],"wp:featuredmedia":[{"embeddable":true,"href":"https:\/\/www.radiopresidenteibanez.cl\/web\/wp-json\/wp\/v2\/media\/50321"}],"wp:attachment":[{"href":"https:\/\/www.radiopresidenteibanez.cl\/web\/wp-json\/wp\/v2\/media?parent=50320"}],"wp:term":[{"taxonomy":"category","embeddable":true,"href":"https:\/\/www.radiopresidenteibanez.cl\/web\/wp-json\/wp\/v2\/categories?post=50320"},{"taxonomy":"post_tag","embeddable":true,"href":"https:\/\/www.radiopresidenteibanez.cl\/web\/wp-json\/wp\/v2\/tags?post=50320"}],"curies":[{"name":"wp","href":"https:\/\/api.w.org\/{rel}","templated":true}]}}