{"id":5032,"date":"2019-06-14T15:24:02","date_gmt":"2019-06-14T15:24:02","guid":{"rendered":"http:\/\/www.radiopresidenteibanez.cl\/web\/?p=5032"},"modified":"2019-06-14T15:24:31","modified_gmt":"2019-06-14T15:24:31","slug":"tribunal-ambiental-de-valdivia-resolvio-mantener-la-medida-cautelar-por-tronaduras-en-mina-invierno","status":"publish","type":"post","link":"https:\/\/www.radiopresidenteibanez.cl\/web\/tribunal-ambiental-de-valdivia-resolvio-mantener-la-medida-cautelar-por-tronaduras-en-mina-invierno\/","title":{"rendered":"TRIBUNAL AMBIENTAL DE VALDIVIA RESOLVI\u00d3 MANTENER LA MEDIDA CAUTELAR POR TRONADURAS EN MINA INVIERNO"},"content":{"rendered":"\n<p>Por dos votos a favor y uno en contra, el Tribunal Ambiental de Valdivia, con jurisdicci\u00f3n desde \u00d1uble a Magallanes, rechaz\u00f3 las solicitudes de modificar la medida cautelar impuesta el pasado 27 de marzo al proyecto Tronaduras, de Mina Invierno S.A., en Isla Riesco, Regi\u00f3n de Magallanes y la Ant\u00e1rtica Chilena.<\/p>\n\n\n\n<p>Las peticiones fueron presentadas por la parte reclamante, que solicit\u00f3 suspender la totalidad de las tronaduras; y por la empresa y sus sindicatos de trabajadores, quienes se opusieron a la medida cautelar, solicitando alzarla o decretar una cauci\u00f3n de USD $15 millones.<\/p>\n\n\n\n<p>En la resoluci\u00f3n pronunciada este jueves, el Tribunal Ambiental de Valdivia estim\u00f3 que respecto de los antecedentes presentados para modificar la medida cautelar, &nbsp;\u201cla informaci\u00f3n en ellos contenida es confusa, lo que genera incerteza respecto de los efectos en el componente paleobot\u00e1nico de las tronaduras autorizadas. Por tanto, aplicando el principio precautorio, resulta m\u00e1s apropiado actuar con cautela, observando la necesaria proporcionalidad respecto de los efectos que tendr\u00e1 sobre el patrimonio del afectado\u201d.<\/p>\n\n\n\n<p>Seg\u00fan el voto de mayor\u00eda, la medida sigue siendo proporcional \u201cporque Minera Invierno S.A. no queda impedida de la extracci\u00f3n de carb\u00f3n, toda vez que la tronadura es un m\u00e9todo complementario a la extracci\u00f3n mec\u00e1nica, la cual cuenta con autorizaci\u00f3n vigente y no tiene ninguna restricci\u00f3n\u201d.<\/p>\n\n\n\n<p>El fallo que mantuvo la medida cautelar decretada a fines de marzo puntualiz\u00f3 adem\u00e1s que \u201cMinera Invierno S.A. no logra acreditar por qu\u00e9 no puede continuar la explotaci\u00f3n del rajo en forma mec\u00e1nica, en aquellas \u00e1reas donde no habr\u00edan areniscas grises compactas.\u201d<\/p>\n\n\n\n<p><strong>Incumplimiento medida cautelar<\/strong><\/p>\n\n\n\n<p>En la resoluci\u00f3n, el Tribunal Ambiental de Valdivia determin\u00f3 que la empresa incumpli\u00f3 la medida cautelar vigente, que le impide tronar a una altura inferior a los 100 metros sobre el nivel del mar y en estratos fluvioglaciales cuaternarios y en areniscas grises de la Formaci\u00f3n Loreto. &nbsp;<\/p>\n\n\n\n<p>El incumplimiento se gener\u00f3 cuando la empresa realiz\u00f3 tronaduras en estratos distintos a los autorizados por el Tribunal.<\/p>\n\n\n\n<p>\u201cEl informe de la tronadura T28 da cuenta del incumplimiento de la medida cautelar decretada a fs. 18397, pues se realiz\u00f3 en un estrato de limolita identificado en el sondaje SMC-06, y adem\u00e1s uno de arcillolita, que no estaba identificado en dicho sondaje. Una situaci\u00f3n similar ocurre con la T31<strong>.<\/strong>\u201d se\u00f1al\u00f3 la resoluci\u00f3n<strong>.<\/strong><\/p>\n\n\n\n<p>El Tribunal decret\u00f3 el cumplimiento de la medida cautelar bajo apercibimiento de sanci\u00f3n que, seg\u00fan estipula el C\u00f3digo de Procedimiento Civil, podr\u00eda llegar hasta una UTM en el caso de una multa o hasta dos meses de arresto.<br>La resoluci\u00f3n fue adoptada con el voto a favor de los Ministros Sr. Michael Hantke Domas y Sra. Sibel Villalobos Volpi; y el voto en contra del Ministro Sr. Iv\u00e1n Hunter Ampuero, quien estuvo por regresar a la anterior medida cautelar, que permit\u00eda las tronaduras controladas mediante informes peri\u00f3dicos.<\/p>\n\n\n\n<p>\u201cNo es posible observar que la ejecuci\u00f3n del proyecto est\u00e9 afectando ostensiblemente el material fosil\u00edfero, de manera que justifique un actuar preventivo del Tribunal m\u00e1s intenso de lo decretado anteriormente, es decir, antes de establecer la restricci\u00f3n de profundidad\u201d sostuvo en su voto el Ministro Sr. Hunter.<br><br><strong>\u201c<\/strong>Si los fines regulatorios ambientales no son mantener los f\u00f3siles intactos, sino que asegurar que el desarrollo de la actividad sea compatible con su remoci\u00f3n y rescate, entonces claramente la medida decretada en estos autos aparece como desproporcionada, al impedir la actividad por debajo de los 100 metros (\u2026) . La medida cautelar pretende resguardar el material paleontol\u00f3gico existente en el rajo de la Mina Invierno, pero \u00e9ste al no ser extra\u00eddo, carece de toda relevancia cient\u00edfica. As\u00ed entonces, el inter\u00e9s en la investigaci\u00f3n cient\u00edfica de los f\u00f3siles que se rescatan de la Mina Invierno como consecuencia de las tronaduras, queda suprimido absolutamente con la medida cautelar impetrada en el voto de mayor\u00eda. Y este no es un efecto querido por el legislador desde que, como se ha indicado precedentemente, la ley 19.300 y el RSEIA no impiden la destrucci\u00f3n de los componentes paleontol\u00f3gicos existentes en la Mina sino s\u00f3lo que \u00e9sta no sea significativa (\u2026) Ha sido precisamente la explotaci\u00f3n de la Mina Invierno la que ha permitido conocer la variedad fosil\u00edfera de la Formaci\u00f3n Loreto\u201d, puntualiz\u00f3 el voto de minor\u00eda.<\/p>\n\n\n\n<figure class=\"wp-block-image\"><img loading=\"lazy\" decoding=\"async\" width=\"677\" height=\"400\" src=\"http:\/\/www.radiopresidenteibanez.cl\/web\/wp-content\/uploads\/2019\/01\/Mina-Invierno.jpg\" alt=\"\" class=\"wp-image-391\" srcset=\"https:\/\/www.radiopresidenteibanez.cl\/web\/wp-content\/uploads\/2019\/01\/Mina-Invierno.jpg 677w, https:\/\/www.radiopresidenteibanez.cl\/web\/wp-content\/uploads\/2019\/01\/Mina-Invierno-300x177.jpg 300w\" sizes=\"auto, (max-width: 677px) 100vw, 677px\" \/><\/figure>\n","protected":false},"excerpt":{"rendered":"<p>Por dos votos a favor y uno en contra, el Tribunal Ambiental de Valdivia, con jurisdicci\u00f3n desde \u00d1uble a Magallanes, rechaz\u00f3 las solicitudes de modificar la medida cautelar impuesta el&#8230; <a class=\"read-more\" href=\"https:\/\/www.radiopresidenteibanez.cl\/web\/tribunal-ambiental-de-valdivia-resolvio-mantener-la-medida-cautelar-por-tronaduras-en-mina-invierno\/\">Leer m\u00e1s<\/a><\/p>\n","protected":false},"author":2,"featured_media":391,"comment_status":"closed","ping_status":"closed","sticky":false,"template":"","format":"standard","meta":{"footnotes":""},"categories":[1],"tags":[],"class_list":["post-5032","post","type-post","status-publish","format-standard","has-post-thumbnail","hentry","category-cronica"],"_links":{"self":[{"href":"https:\/\/www.radiopresidenteibanez.cl\/web\/wp-json\/wp\/v2\/posts\/5032","targetHints":{"allow":["GET"]}}],"collection":[{"href":"https:\/\/www.radiopresidenteibanez.cl\/web\/wp-json\/wp\/v2\/posts"}],"about":[{"href":"https:\/\/www.radiopresidenteibanez.cl\/web\/wp-json\/wp\/v2\/types\/post"}],"author":[{"embeddable":true,"href":"https:\/\/www.radiopresidenteibanez.cl\/web\/wp-json\/wp\/v2\/users\/2"}],"replies":[{"embeddable":true,"href":"https:\/\/www.radiopresidenteibanez.cl\/web\/wp-json\/wp\/v2\/comments?post=5032"}],"version-history":[{"count":0,"href":"https:\/\/www.radiopresidenteibanez.cl\/web\/wp-json\/wp\/v2\/posts\/5032\/revisions"}],"wp:featuredmedia":[{"embeddable":true,"href":"https:\/\/www.radiopresidenteibanez.cl\/web\/wp-json\/wp\/v2\/media\/391"}],"wp:attachment":[{"href":"https:\/\/www.radiopresidenteibanez.cl\/web\/wp-json\/wp\/v2\/media?parent=5032"}],"wp:term":[{"taxonomy":"category","embeddable":true,"href":"https:\/\/www.radiopresidenteibanez.cl\/web\/wp-json\/wp\/v2\/categories?post=5032"},{"taxonomy":"post_tag","embeddable":true,"href":"https:\/\/www.radiopresidenteibanez.cl\/web\/wp-json\/wp\/v2\/tags?post=5032"}],"curies":[{"name":"wp","href":"https:\/\/api.w.org\/{rel}","templated":true}]}}