{"id":50302,"date":"2024-08-02T07:16:00","date_gmt":"2024-08-02T10:16:00","guid":{"rendered":"https:\/\/www.radiopresidenteibanez.cl\/web\/?p=50302"},"modified":"2024-08-02T14:18:53","modified_gmt":"2024-08-02T17:18:53","slug":"becan-a-22-estudiantes-del-liceo-sara-braun-para-certificarse-como-cuidadores-primarios","status":"publish","type":"post","link":"https:\/\/www.radiopresidenteibanez.cl\/web\/becan-a-22-estudiantes-del-liceo-sara-braun-para-certificarse-como-cuidadores-primarios\/","title":{"rendered":"Becan a 22 estudiantes del Liceo Sara Braun para certificarse como cuidadores primarios"},"content":{"rendered":"\n<p>A partir de una importante alianza establecida entre<br>Chilevalora y el Centro de evaluaci\u00f3n de competencias laborales Ecerlab en la regi\u00f3n, esta ma\u00f1ana<br>se hizo entrega de 22 becas a estudiantes del Liceo Sara Braun para certificarse como cuidadoras y<br>cuidadores primarios.<br>Se trata de 15 alumnas y 5 alumnos de cuatro medio del establecimiento, junto a dos docentes<br>que recibir\u00e1n esta oportunidad de evaluarse y certificar sus conocimientos en el perfil de<br>cuidadores primarios, lo que les otorgar\u00e1 una especializaci\u00f3n para su apertura laboral y, asimismo,<br>la posibilidad de convalidar ramos en la educaci\u00f3n superior, para quienes as\u00ed lo requieran.<br>As\u00ed lo explic\u00f3 la seremi del Trabajo y Previsi\u00f3n Social, Doris Sandoval Miranda, tras la visita al liceo<br>para conocer la experiencia acad\u00e9mica que han transitado las y los estudiantes becados. \u201cEsta<br>iniciativa, que se pudo concretar gracias a la colaboraci\u00f3n entre Chilevalora, Ecerlab y el Liceo Sara<br>Braun que estuvo dispuesto a otorgar esta oportunidad a sus estudiantes es un paso m\u00e1s que<br>estamos dando como gobierno en torno al compromiso que tenemos de establecer una red<br>nacional de cuidados. Este hito de tener a las y los primeros estudiantes secundarios certificados<br>como cuidadores primarios es sin duda, una tremenda noticia, que debemos destacar y difundir.<br>As\u00ed que, agradecemos a quienes hicieron posible esta importante alianza\u201d, destac\u00f3 la autoridad.<br>La casa certificadora que estar\u00e1 encargada de evaluar las competencias de las y los estudiantes<br>ser\u00e1 Ecerlab que actualmente constituye el centro que m\u00e1s trayectoria de trabajo tiene con<br>Chilevalora a nivel nacional, cumpli\u00e9ndose 15 a\u00f1os de labor colaborativa.<br>Respecto a estas becas otorgadas hoy, el gerente general de Ecerlab, Luis Jim\u00e9nez, expres\u00f3 que<br>\u201ceste es un hito muy importante, considerando que son las primeras 22 cuidadoras y cuidadores<br>primarios que se van a certificar en la regi\u00f3n de Magallanes. Eso nos tiene muy contentos, porque<br>es una instancia pionera. Nosotros vamos a desarrollar esto en conjunto con Chilevalora y con el<br>liceo t\u00e9cnico profesional, donde los alumnos y alumnas van a poder acceder a esta evaluaci\u00f3n y<br>certificaci\u00f3n de sus competencias, lo cual va a permitir mayores y mejores oportunidades<br>laborales en una comunidad que m\u00e1s necesita de cuidados, enfocado en todas las personas que<br>est\u00e1n en una situaci\u00f3n de dependencia\u201d.<br>Una de las docentes que ha estado encargada de preparar a las y los j\u00f3venes para esta evaluaci\u00f3n<br>es Yanira Acosta, enfermera encargada de la especialidad de Enfermer\u00eda en el establecimiento,<\/p>\n\n\n\n<p>quien expres\u00f3 que \u201csin duda, esta es una oportunidad enorme para las chiquillas y los chiquillos,<br>que los motiva a seguir estudiando, los motiva a poner en pr\u00e1ctica todo lo aprendido, que no se<br>van a quedar solamente con la teor\u00eda o la pr\u00e1ctica profesional, sino que su esfuerzo va a tener una<br>recompensa que los va a motivar a seguir una carrera profesional, pero ya con ese plus entonces<br>ya van a poder trabajar en eso, si quisieran, con adultos mayores\u201d.<br>Por su parte, la coordinadora regional de Chilevalora, Marilyn C\u00e1rdenas, quien estableci\u00f3 el<br>contacto tanto con el centro como con el director del Liceo para establecer esta importante<br>alianza destac\u00f3 especialmente \u201cla articulaci\u00f3n con la educaci\u00f3n superior, ya que, en este caso, se<br>trata de un perfil de cuidador primario que tiene una articulaci\u00f3n con el Instituto Santo Tom\u00e1s. Por<br>tanto, eso conllevar\u00e1 una disminuci\u00f3n de carga acad\u00e9mica en la carrera de Tens y tambi\u00e9n de<br>Enfermer\u00eda. Es s\u00faper importante que hoy en d\u00eda los estudiantes cuenten con su certificaci\u00f3n y con<br>este incentivo a seguir estudiando en la educaci\u00f3n superior\u201d.<\/p>\n","protected":false},"excerpt":{"rendered":"<p>A partir de una importante alianza establecida entreChilevalora y el Centro de evaluaci\u00f3n de competencias laborales Ecerlab en la regi\u00f3n, esta ma\u00f1anase hizo entrega de 22 becas a estudiantes del&#8230; <a class=\"read-more\" href=\"https:\/\/www.radiopresidenteibanez.cl\/web\/becan-a-22-estudiantes-del-liceo-sara-braun-para-certificarse-como-cuidadores-primarios\/\">Leer m\u00e1s<\/a><\/p>\n","protected":false},"author":2,"featured_media":50303,"comment_status":"closed","ping_status":"closed","sticky":false,"template":"","format":"standard","meta":{"footnotes":""},"categories":[1],"tags":[],"class_list":["post-50302","post","type-post","status-publish","format-standard","has-post-thumbnail","hentry","category-cronica"],"_links":{"self":[{"href":"https:\/\/www.radiopresidenteibanez.cl\/web\/wp-json\/wp\/v2\/posts\/50302","targetHints":{"allow":["GET"]}}],"collection":[{"href":"https:\/\/www.radiopresidenteibanez.cl\/web\/wp-json\/wp\/v2\/posts"}],"about":[{"href":"https:\/\/www.radiopresidenteibanez.cl\/web\/wp-json\/wp\/v2\/types\/post"}],"author":[{"embeddable":true,"href":"https:\/\/www.radiopresidenteibanez.cl\/web\/wp-json\/wp\/v2\/users\/2"}],"replies":[{"embeddable":true,"href":"https:\/\/www.radiopresidenteibanez.cl\/web\/wp-json\/wp\/v2\/comments?post=50302"}],"version-history":[{"count":0,"href":"https:\/\/www.radiopresidenteibanez.cl\/web\/wp-json\/wp\/v2\/posts\/50302\/revisions"}],"wp:featuredmedia":[{"embeddable":true,"href":"https:\/\/www.radiopresidenteibanez.cl\/web\/wp-json\/wp\/v2\/media\/50303"}],"wp:attachment":[{"href":"https:\/\/www.radiopresidenteibanez.cl\/web\/wp-json\/wp\/v2\/media?parent=50302"}],"wp:term":[{"taxonomy":"category","embeddable":true,"href":"https:\/\/www.radiopresidenteibanez.cl\/web\/wp-json\/wp\/v2\/categories?post=50302"},{"taxonomy":"post_tag","embeddable":true,"href":"https:\/\/www.radiopresidenteibanez.cl\/web\/wp-json\/wp\/v2\/tags?post=50302"}],"curies":[{"name":"wp","href":"https:\/\/api.w.org\/{rel}","templated":true}]}}