{"id":50295,"date":"2024-08-02T12:53:00","date_gmt":"2024-08-02T15:53:00","guid":{"rendered":"https:\/\/www.radiopresidenteibanez.cl\/web\/?p=50295"},"modified":"2024-08-02T10:23:20","modified_gmt":"2024-08-02T13:23:20","slug":"servicio-dental-del-hospital-de-natales-ha-realizado-1-695-atenciones-y-694-radiografias-orales","status":"publish","type":"post","link":"https:\/\/www.radiopresidenteibanez.cl\/web\/servicio-dental-del-hospital-de-natales-ha-realizado-1-695-atenciones-y-694-radiografias-orales\/","title":{"rendered":"SERVICIO DENTAL DEL HOSPITAL DE NATALES HA REALIZADO 1.695 ATENCIONES Y 694 RADIOGRAFIAS ORALES"},"content":{"rendered":"\n<p>Cerca de 2.500 atenciones a la comunidad de \u00daltima Esperanza ha realizado el Servicio de<br>Dental del Hospital Dr. Augusto Essmann Burgos durante el presente a\u00f1o, servicio que<br>adem\u00e1s incorpor\u00f3 atenciones de Periodoncista, especialidad que se sum\u00f3 a las<br>especialidades de Endodoncia, Ortodoncia y Rehabilitaci\u00f3n Oral. Asimismo, el servicio ha<br>realizado cerca de 700 radiograf\u00edas orales, im\u00e1genes que son esenciales para el<br>diagn\u00f3stico y planificaci\u00f3n de tratamientos dentales.<br>Tal como explic\u00f3 el m\u00e9dico endodoncista, jefe del servicio, Dr. Carlos Llancam\u00e1n, el a\u00f1o<br>pasado se realizaron 3300 atenciones de especialidad y 1000 procedimientos de radiolog\u00eda<br>dental, y dijo: \u201ccon corte al mes julio ya llevamos 1.695 atenciones y 694 radiograf\u00edas lo<br>que habla de un aumento en nuestra productividad. Adem\u00e1s, durante este a\u00f1o se han<br>realizado 238 altas de especialidad\u201d.<br>Sobre las listas de espera el Dr. Llancam\u00e1n coment\u00f3 que gracias a la gesti\u00f3n realizada por<br>SOME y la incorporaci\u00f3n de la Dra. Valentina Quijada la especialidad de endodoncia tiene<br>un tiempo de espera menor a 50 d\u00edas, \u201cla baja de lista de espera en la especialidad de<br>endodoncia demuestra el compromiso del hospital con la atenci\u00f3n r\u00e1pida y eficiente,<br>asegurando que los pacientes reciban el tratamiento necesario sin demoras significativas\u201d,<br>destac\u00f3 el profesional.<br>Respecto a las otras especialidades se\u00f1al\u00f3 que la lista de espera m\u00e1s extensa es la de<br>Ortodoncia que tiene un tiempo de espera 270 d\u00edas, \u201cnuestro recinto cuenta con una<br>Ortodoncista la Dra. Paula Maass, quien que se encarga de la correcci\u00f3n de los dientes y<br>huesos posicionados incorrectamente, por ello son procedimientos que requieren mayor<br>n\u00famero de atenciones, el alta de un paciente de ortodoncia en promedio es de dos a\u00f1os y<br>medio\u201d, coment\u00f3 la jefatura del dental.<\/p>\n\n\n\n<p>En relaci\u00f3n a la nueva especialidad de periodoncia, antes los pacientes de natales deb\u00edan<br>viajar al Punta Arenas para acceder a la atenci\u00f3n, \u201cexist\u00eda una lista de espera de 70<br>pacientes que eran derivados a Punta Arenas. Actualmente tenemos aproximadamente 50<br>ya que hay muchos pacientes que se han sumado a esta especialidad y el tiempo de<br>espera es de 32 d\u00edas\u201d, puntualiz\u00f3 el Dr. Llancaman.<\/p>\n","protected":false},"excerpt":{"rendered":"<p>Cerca de 2.500 atenciones a la comunidad de \u00daltima Esperanza ha realizado el Servicio deDental del Hospital Dr. Augusto Essmann Burgos durante el presente a\u00f1o, servicio queadem\u00e1s incorpor\u00f3 atenciones de&#8230; <a class=\"read-more\" href=\"https:\/\/www.radiopresidenteibanez.cl\/web\/servicio-dental-del-hospital-de-natales-ha-realizado-1-695-atenciones-y-694-radiografias-orales\/\">Leer m\u00e1s<\/a><\/p>\n","protected":false},"author":2,"featured_media":50296,"comment_status":"closed","ping_status":"closed","sticky":false,"template":"","format":"standard","meta":{"footnotes":""},"categories":[1],"tags":[],"class_list":["post-50295","post","type-post","status-publish","format-standard","has-post-thumbnail","hentry","category-cronica"],"_links":{"self":[{"href":"https:\/\/www.radiopresidenteibanez.cl\/web\/wp-json\/wp\/v2\/posts\/50295","targetHints":{"allow":["GET"]}}],"collection":[{"href":"https:\/\/www.radiopresidenteibanez.cl\/web\/wp-json\/wp\/v2\/posts"}],"about":[{"href":"https:\/\/www.radiopresidenteibanez.cl\/web\/wp-json\/wp\/v2\/types\/post"}],"author":[{"embeddable":true,"href":"https:\/\/www.radiopresidenteibanez.cl\/web\/wp-json\/wp\/v2\/users\/2"}],"replies":[{"embeddable":true,"href":"https:\/\/www.radiopresidenteibanez.cl\/web\/wp-json\/wp\/v2\/comments?post=50295"}],"version-history":[{"count":0,"href":"https:\/\/www.radiopresidenteibanez.cl\/web\/wp-json\/wp\/v2\/posts\/50295\/revisions"}],"wp:featuredmedia":[{"embeddable":true,"href":"https:\/\/www.radiopresidenteibanez.cl\/web\/wp-json\/wp\/v2\/media\/50296"}],"wp:attachment":[{"href":"https:\/\/www.radiopresidenteibanez.cl\/web\/wp-json\/wp\/v2\/media?parent=50295"}],"wp:term":[{"taxonomy":"category","embeddable":true,"href":"https:\/\/www.radiopresidenteibanez.cl\/web\/wp-json\/wp\/v2\/categories?post=50295"},{"taxonomy":"post_tag","embeddable":true,"href":"https:\/\/www.radiopresidenteibanez.cl\/web\/wp-json\/wp\/v2\/tags?post=50295"}],"curies":[{"name":"wp","href":"https:\/\/api.w.org\/{rel}","templated":true}]}}