{"id":50292,"date":"2024-08-02T11:23:00","date_gmt":"2024-08-02T14:23:00","guid":{"rendered":"https:\/\/www.radiopresidenteibanez.cl\/web\/?p=50292"},"modified":"2024-08-02T10:01:12","modified_gmt":"2024-08-02T13:01:12","slug":"ministerio-de-educacion-entrega-1-187-computadores-a-estudiantes-de-magallanes","status":"publish","type":"post","link":"https:\/\/www.radiopresidenteibanez.cl\/web\/ministerio-de-educacion-entrega-1-187-computadores-a-estudiantes-de-magallanes\/","title":{"rendered":"MINISTERIO DE EDUCACION ENTREGA 1.187 COMPUTADORES A ESTUDIANTES DE MAGALLANES"},"content":{"rendered":"\n<p>Ayer por la ma\u00f1ana, en el Liceo Luis Alberto Barrera, el seremi de Educaci\u00f3n, Valent\u00edn Aguilera G\u00f3mez; junto al delegado presidencial regional, Jos\u00e9 Ruiz Pivcevic; y el director regional (s) de Junaeb, Gerardo Mancilla Mu\u00f1oz; hicieron entrega de 863 computadores a las y los estudiantes de 7\u00b0 a\u00f1o de establecimientos p\u00fablicos y subvencionados de la Provincia de Magallanes con el objetivo de apoyar sus estudios y as\u00ed contribuir al logro de los aprendizajes en su trayectoria educativa, promoviendo la inclusi\u00f3n digital y ofreciendo oportunidades en el \u00e1mbito de las Tecnolog\u00edas de la Informaci\u00f3n y la Comunicaci\u00f3n (TIC).<\/p>\n\n\n\n<p>El delegado presidencial regional, Jose Ruiz Pivcevic, se\u00f1al\u00f3 al respecto que&nbsp;\u201ccomo todos los a\u00f1os estamos entregando las Becas TIC de Junaeb, que consiste en un computador port\u00e1til a las y los estudiantes que se priorizan a los establecimientos p\u00fablicos correspondiente a los s\u00e9ptimos b\u00e1sicos. Ac\u00e1 en la Regi\u00f3n de Magallanes y de la Ant\u00e1rtica Chilena son 1.187 computadores, donde ya se entreg\u00f3 en la Provincia Ant\u00e1rtica en Puerto Williams, incluyendo estudiantes de Puerto Toro, lo propio tambi\u00e9n en Tierra del Fuego, y luego en \u00daltima Esperanza. Hoy estamos en Punta Arenas otorgando este beneficio, y han comentado que el proceso ha sido bastante expedito para que se acojan a los horarios que se establecieron y lo m\u00e1s relevante de esto es aprovechar las tecnolog\u00edas en los procesos educativos, el computador va a\u00f1adido con internet gratis por un a\u00f1o, que va en provecho de la educaci\u00f3n\u201d.<\/p>\n\n\n\n<p>Asimismo, el seremi de Educaci\u00f3n, Valent\u00edn Aguilera G\u00f3mez, dijo que \u201cesta entrega de la Beca TIC es un hito muy importante para el Ministerio de Educaci\u00f3n ac\u00e1 en la regi\u00f3n. Es un programa de la Junaeb donde se entregan 1.187 computadores y solamente hoy en el liceo Luis Alberto Barrera de Punta Arenas, se entregan 863 equipos que est\u00e1 dentro del marco del Plan de Reactivaci\u00f3n Educativa y es un equipo fundamental donde tiene mejores condiciones t\u00e9cnicas, viene con el software adecuado para tener internet por un a\u00f1o. Son equipos que re\u00fanen todas condiciones para acompa\u00f1ar a las y los estudiantes en su trayectoria educativa de 7\u00b0 b\u00e1sico hasta la ense\u00f1anza media\u201d.<\/p>\n\n\n\n<p>El director regional (s) de Junaeb, Gerardo Mancilla Mu\u00f1oz, concluy\u00f3 que \u201clos ni\u00f1os y ni\u00f1as que est\u00e1n matriculados en 7\u00b0 b\u00e1sico son los que reciben el computador y es uno de los requisitos para obtener este beneficio. Esta entrega es anualmente en estas fechas y en esta oportunidad para la regi\u00f3n estamos entregando 1.187 equipos, y en el caso de Punta Arenas son 863 incluyendo las comunas de San Gregorio y Laguna Blanca. Y la pr\u00f3xima semana, finalizamos con Natales donde son 210 computadores\u201d.<\/p>\n\n\n\n<p>Cabe destacar que tambi\u00e9n estuvieron presentes en la actividad, el seremi de Gobierno, Andro Mimica Guerrero; la jefa del Departamento Provincial de Educaci\u00f3n, Carolina \u00c1lvarez Antonin; y Elizabeth Ar\u00e1nguiz Rivera, representando al Servicio Local de Educaci\u00f3n P\u00fablica.<\/p>\n\n\n\n<p>El programa Beca TIC entreg\u00f3 en la Provincia Ant\u00e1rtica 34 computadores, en Tierra del Fuego 80 y en Magallanes 863, faltando solo la Provincia de \u00daltima Esperanza, programada para la pr\u00f3xima semana.&nbsp;&nbsp;<\/p>\n","protected":false},"excerpt":{"rendered":"<p>Ayer por la ma\u00f1ana, en el Liceo Luis Alberto Barrera, el seremi de Educaci\u00f3n, Valent\u00edn Aguilera G\u00f3mez; junto al delegado presidencial regional, Jos\u00e9 Ruiz Pivcevic; y el director regional (s)&#8230; <a class=\"read-more\" href=\"https:\/\/www.radiopresidenteibanez.cl\/web\/ministerio-de-educacion-entrega-1-187-computadores-a-estudiantes-de-magallanes\/\">Leer m\u00e1s<\/a><\/p>\n","protected":false},"author":2,"featured_media":50293,"comment_status":"closed","ping_status":"closed","sticky":false,"template":"","format":"standard","meta":{"footnotes":""},"categories":[1],"tags":[],"class_list":["post-50292","post","type-post","status-publish","format-standard","has-post-thumbnail","hentry","category-cronica"],"_links":{"self":[{"href":"https:\/\/www.radiopresidenteibanez.cl\/web\/wp-json\/wp\/v2\/posts\/50292","targetHints":{"allow":["GET"]}}],"collection":[{"href":"https:\/\/www.radiopresidenteibanez.cl\/web\/wp-json\/wp\/v2\/posts"}],"about":[{"href":"https:\/\/www.radiopresidenteibanez.cl\/web\/wp-json\/wp\/v2\/types\/post"}],"author":[{"embeddable":true,"href":"https:\/\/www.radiopresidenteibanez.cl\/web\/wp-json\/wp\/v2\/users\/2"}],"replies":[{"embeddable":true,"href":"https:\/\/www.radiopresidenteibanez.cl\/web\/wp-json\/wp\/v2\/comments?post=50292"}],"version-history":[{"count":0,"href":"https:\/\/www.radiopresidenteibanez.cl\/web\/wp-json\/wp\/v2\/posts\/50292\/revisions"}],"wp:featuredmedia":[{"embeddable":true,"href":"https:\/\/www.radiopresidenteibanez.cl\/web\/wp-json\/wp\/v2\/media\/50293"}],"wp:attachment":[{"href":"https:\/\/www.radiopresidenteibanez.cl\/web\/wp-json\/wp\/v2\/media?parent=50292"}],"wp:term":[{"taxonomy":"category","embeddable":true,"href":"https:\/\/www.radiopresidenteibanez.cl\/web\/wp-json\/wp\/v2\/categories?post=50292"},{"taxonomy":"post_tag","embeddable":true,"href":"https:\/\/www.radiopresidenteibanez.cl\/web\/wp-json\/wp\/v2\/tags?post=50292"}],"curies":[{"name":"wp","href":"https:\/\/api.w.org\/{rel}","templated":true}]}}