{"id":50286,"date":"2024-08-02T09:34:00","date_gmt":"2024-08-02T12:34:00","guid":{"rendered":"https:\/\/www.radiopresidenteibanez.cl\/web\/?p=50286"},"modified":"2024-08-02T08:33:16","modified_gmt":"2024-08-02T11:33:16","slug":"autoridades-de-gobierno-politicos-dictadores-vitalicios-y-huevadas-raras-damas-de-verde-de-rojo-azul-amarillo-y-morado-canta-cholo-mandinga","status":"publish","type":"post","link":"https:\/\/www.radiopresidenteibanez.cl\/web\/autoridades-de-gobierno-politicos-dictadores-vitalicios-y-huevadas-raras-damas-de-verde-de-rojo-azul-amarillo-y-morado-canta-cholo-mandinga\/","title":{"rendered":"Autoridades de gobierno politicos dictadores vitalicios y huevadas raras damas de verde de rojo azul amarillo y morado..\u00bb canta Cholo Mandinga"},"content":{"rendered":"\n<p>LA LEY 21 643 &#8211; LEY KARIN &#8211; PARTE 2<\/p>\n\n\n\n<p>2.- En el art\u00edculo 154 del C. del T. (que indica lo que debe contener un reglamento interno) la nueva ley modifica la lectura del n\u00famero 12, exigiendo un protocolo de prevenci\u00f3n respecto del acoso sexual, laboral y la violencia en el trabajo y el procedimiento al que se someter\u00e1n los trabajadores y las trabajadoras.<\/p>\n\n\n\n<p>3.- El nuevo art\u00edculo 154 bis establece que los empleadores que no est\u00e9n obligados a tener Reglamento Interno (empresas que tienen hasta 9 trabajadores) deber\u00e1n poner en conocimiento de las trabajadoras (es) el protocolo de prevenci\u00f3n del que habla el art\u00edculo 154 y el procedimiento de investigaci\u00f3n y sanci\u00f3n al que se someter\u00e1n dichas conductas, al momento de la suscripci\u00f3n del contrato de trabajo (probablemente un documento anexo). Se deben considerar medidas de resguardo respecto de los involucrados y las sanciones que se aplicaran, lo que deber\u00e1 constar por escrito.<\/p>\n\n\n\n<p>4.- En el art\u00edculo 211 A lo primero que se ampl\u00eda es la definici\u00f3n incorporando la frase \u201c..Laboral y la violencia en el trabajo\u201d, as\u00ed como se observa una modificaci\u00f3n sustancial de su lectura: Establece que el empleador debe elaborar y poner a disposici\u00f3n de los trabajadores (as) un protocolo de prevenci\u00f3n del acoso sexual laboral y violencia en el trabajo y enseguida indica que cosas debe contener dicho protocolo. A saber:<br>a) Identificaci\u00f3n de los peligros, evaluaci\u00f3n de riesgos psicosociales asociados con el acoso y la violencia b) medidas para prevenir y controlar tales riesgos c) medidas para informar y capacitar a los trabajadores sobre los riesgos identificados y las medidas de prevenci\u00f3n y protecci\u00f3n que deban adoptarse. d) medidas para prevenir el acoso y la violencia conforme a la naturaleza de los servicios y el funcionamiento del lugar de trabajo e) medidas de resguardo de la privacidad y la honra de todos los involucrados y medidas frente a denuncias inconsistentes. Los empleadores tendr\u00e1n el deber de informar semestralmente los canales que mantiene la empresa para la recepci\u00f3n de denuncias sobre incumplimientos relativos a la prevenci\u00f3n del acoso y la violencia, as\u00ed como las instancias estatales para denunciar cualquier incumplimiento a la normativa laboral.<\/p>\n","protected":false},"excerpt":{"rendered":"<p>LA LEY 21 643 &#8211; LEY KARIN &#8211; PARTE 2 2.- En el art\u00edculo 154 del C. del T. (que indica lo que debe contener un reglamento interno) la nueva&#8230; <a class=\"read-more\" href=\"https:\/\/www.radiopresidenteibanez.cl\/web\/autoridades-de-gobierno-politicos-dictadores-vitalicios-y-huevadas-raras-damas-de-verde-de-rojo-azul-amarillo-y-morado-canta-cholo-mandinga\/\">Leer m\u00e1s<\/a><\/p>\n","protected":false},"author":2,"featured_media":50287,"comment_status":"closed","ping_status":"closed","sticky":false,"template":"","format":"standard","meta":{"footnotes":""},"categories":[1],"tags":[],"class_list":["post-50286","post","type-post","status-publish","format-standard","has-post-thumbnail","hentry","category-cronica"],"_links":{"self":[{"href":"https:\/\/www.radiopresidenteibanez.cl\/web\/wp-json\/wp\/v2\/posts\/50286","targetHints":{"allow":["GET"]}}],"collection":[{"href":"https:\/\/www.radiopresidenteibanez.cl\/web\/wp-json\/wp\/v2\/posts"}],"about":[{"href":"https:\/\/www.radiopresidenteibanez.cl\/web\/wp-json\/wp\/v2\/types\/post"}],"author":[{"embeddable":true,"href":"https:\/\/www.radiopresidenteibanez.cl\/web\/wp-json\/wp\/v2\/users\/2"}],"replies":[{"embeddable":true,"href":"https:\/\/www.radiopresidenteibanez.cl\/web\/wp-json\/wp\/v2\/comments?post=50286"}],"version-history":[{"count":0,"href":"https:\/\/www.radiopresidenteibanez.cl\/web\/wp-json\/wp\/v2\/posts\/50286\/revisions"}],"wp:featuredmedia":[{"embeddable":true,"href":"https:\/\/www.radiopresidenteibanez.cl\/web\/wp-json\/wp\/v2\/media\/50287"}],"wp:attachment":[{"href":"https:\/\/www.radiopresidenteibanez.cl\/web\/wp-json\/wp\/v2\/media?parent=50286"}],"wp:term":[{"taxonomy":"category","embeddable":true,"href":"https:\/\/www.radiopresidenteibanez.cl\/web\/wp-json\/wp\/v2\/categories?post=50286"},{"taxonomy":"post_tag","embeddable":true,"href":"https:\/\/www.radiopresidenteibanez.cl\/web\/wp-json\/wp\/v2\/tags?post=50286"}],"curies":[{"name":"wp","href":"https:\/\/api.w.org\/{rel}","templated":true}]}}