{"id":50283,"date":"2024-08-02T08:29:58","date_gmt":"2024-08-02T11:29:58","guid":{"rendered":"https:\/\/www.radiopresidenteibanez.cl\/web\/?p=50283"},"modified":"2024-08-02T08:30:04","modified_gmt":"2024-08-02T11:30:04","slug":"apertura-irregular-de-tapas-colapsa-con-aguas-lluvias-el-sistema-de-alcantarillado","status":"publish","type":"post","link":"https:\/\/www.radiopresidenteibanez.cl\/web\/apertura-irregular-de-tapas-colapsa-con-aguas-lluvias-el-sistema-de-alcantarillado\/","title":{"rendered":"APERTURA IRREGULAR DE TAPAS COLAPSA CON AGUAS LLUVIAS EL SISTEMA DE ALCANTARILLADO"},"content":{"rendered":"\n<p>Una preocupante situaci\u00f3n se est\u00e1 generando en algunos puntos de la red de alcantarillado, debido al ingreso irregular de aguas lluvias. As\u00ed lo inform\u00f3 Aguas Magallanes, reiterando que esta red est\u00e1 dise\u00f1ada para transportar exclusivamente las aguas servidas de la ciudad.<\/p>\n\n\n\n<p>Solo Punta Arenas trata diariamente m\u00e1s de 32 millones de litros de aguas residuales, provenientes de las descargas al sistema de recolecci\u00f3n. El uso de ba\u00f1os, el lavado de loza y ropa, entre otros, son recolectados y transportados a trav\u00e9s de 445 kil\u00f3metros de colector, hasta la planta de tratamiento. Pero para que el servicio opere sin inconvenientes, adem\u00e1s de la permanente mantenci\u00f3n que realiza la sanitaria, se requiere que la comunidad haga un buen uso de esta infraestructura esencial y adem\u00e1s realice las mantenciones necesarias en su red interior.<\/p>\n\n\n\n<p>Durante los d\u00edas de lluvia es muy importante no abrir las tapas del alcantarillado, porque, adem\u00e1s de arrastrar piedras, palos o ramas, por efecto de las precipitaciones, la red se obstruye y colapsa debido al aumento de caudal irregular. \u201cNos hemos encontrado con reboses de aguas servidas en la v\u00eda p\u00fablica, precisamente como consecuencia de estos actos irregulares, poniendo en riesgo el normal servicio y la salud de las personas\u201d, coment\u00f3 Miguel Gatica Campos, jefe zonal de Clientes de Aguas Magallanes, quien finalmente llam\u00f3 a denunciar este tipo de hechos al 612280028 o a trav\u00e9s de &nbsp;los canales oficiales de la compa\u00f1\u00eda.<\/p>\n","protected":false},"excerpt":{"rendered":"<p>Una preocupante situaci\u00f3n se est\u00e1 generando en algunos puntos de la red de alcantarillado, debido al ingreso irregular de aguas lluvias. As\u00ed lo inform\u00f3 Aguas Magallanes, reiterando que esta red&#8230; <a class=\"read-more\" href=\"https:\/\/www.radiopresidenteibanez.cl\/web\/apertura-irregular-de-tapas-colapsa-con-aguas-lluvias-el-sistema-de-alcantarillado\/\">Leer m\u00e1s<\/a><\/p>\n","protected":false},"author":2,"featured_media":50284,"comment_status":"closed","ping_status":"closed","sticky":false,"template":"","format":"standard","meta":{"footnotes":""},"categories":[1],"tags":[],"class_list":["post-50283","post","type-post","status-publish","format-standard","has-post-thumbnail","hentry","category-cronica"],"_links":{"self":[{"href":"https:\/\/www.radiopresidenteibanez.cl\/web\/wp-json\/wp\/v2\/posts\/50283","targetHints":{"allow":["GET"]}}],"collection":[{"href":"https:\/\/www.radiopresidenteibanez.cl\/web\/wp-json\/wp\/v2\/posts"}],"about":[{"href":"https:\/\/www.radiopresidenteibanez.cl\/web\/wp-json\/wp\/v2\/types\/post"}],"author":[{"embeddable":true,"href":"https:\/\/www.radiopresidenteibanez.cl\/web\/wp-json\/wp\/v2\/users\/2"}],"replies":[{"embeddable":true,"href":"https:\/\/www.radiopresidenteibanez.cl\/web\/wp-json\/wp\/v2\/comments?post=50283"}],"version-history":[{"count":0,"href":"https:\/\/www.radiopresidenteibanez.cl\/web\/wp-json\/wp\/v2\/posts\/50283\/revisions"}],"wp:featuredmedia":[{"embeddable":true,"href":"https:\/\/www.radiopresidenteibanez.cl\/web\/wp-json\/wp\/v2\/media\/50284"}],"wp:attachment":[{"href":"https:\/\/www.radiopresidenteibanez.cl\/web\/wp-json\/wp\/v2\/media?parent=50283"}],"wp:term":[{"taxonomy":"category","embeddable":true,"href":"https:\/\/www.radiopresidenteibanez.cl\/web\/wp-json\/wp\/v2\/categories?post=50283"},{"taxonomy":"post_tag","embeddable":true,"href":"https:\/\/www.radiopresidenteibanez.cl\/web\/wp-json\/wp\/v2\/tags?post=50283"}],"curies":[{"name":"wp","href":"https:\/\/api.w.org\/{rel}","templated":true}]}}