{"id":50217,"date":"2024-08-01T15:13:00","date_gmt":"2024-08-01T18:13:00","guid":{"rendered":"https:\/\/www.radiopresidenteibanez.cl\/web\/?p=50217"},"modified":"2024-08-01T12:49:53","modified_gmt":"2024-08-01T15:49:53","slug":"inician-talleres-para-promover-la-inclusion-laboral-en-personas-con-discapacidad","status":"publish","type":"post","link":"https:\/\/www.radiopresidenteibanez.cl\/web\/inician-talleres-para-promover-la-inclusion-laboral-en-personas-con-discapacidad\/","title":{"rendered":"INICIAN TALLERES PARA PROMOVER LA INCLUSION LABORAL EN PERSONAS CON DISCAPACIDAD"},"content":{"rendered":"\n<p>En las dependencias del taller laboral de la Corporaci\u00f3n Manos de Hermanos se iniciaron<br>los talleres de capacitaci\u00f3n del programa piloto \u201cCamino a la Inclusi\u00f3n Laboral\u201d, el que<br>tiene por objetivo enfrentar y derribar las brechas de inclusi\u00f3n laboral de personas con<br>diversos tipos de discapacidad.<br>En total son 50 participantes que desarrollar\u00e1n habilidades prelaborales y de permanencia<br>laboral que favorezcan la inclusi\u00f3n a trav\u00e9s de su autonom\u00eda.<br>La coordinadora del proyecto de la Corporaci\u00f3n Manos de Hermanos, M\u00f3nica Hern\u00e1ndez<br>Clerc, expres\u00f3 que: \u201cestamos muy felices de poder iniciar este proyecto, hoy con el inicio<br>de nuestros talleres. Es un proyecto que busca crear estrategias de inclusi\u00f3n laboral<br>efectiva para personas con discapacidad trabajando en conjunto con otros componentes,<br>si bien capacitando a la persona tambi\u00e9n trabajando con las redes de apoyo, las familias,<br>los cuidadores y tambi\u00e9n generando nexos con empresas p\u00fablicas, privadas y pymes\u201d.<br>Este programa es financiado por el fondo Innova FOSIS, que es un espacio de pilotaje<br>para la generaci\u00f3n de nuevas soluciones sociales, enfocadas en la superaci\u00f3n de la<br>pobreza, las que buscan probar y consolidar proyectos de innovaci\u00f3n social, a partir de un<br>concurso abierto de innovaci\u00f3n p\u00fablica, en el que se convoca a la sociedad civil, la<br>academia y al sector privado a presentar soluciones innovadoras, que generen respuestas<br>novedosas para una realidad cambiante y compleja. En esta sexta convocatoria, en este<br>desaf\u00edo, el socio estrat\u00e9gico es el Servicio Nacional de Capacitaci\u00f3n y Empleo (SENCE).<br>\u201cLo valoramos mucho, como FOSIS estamos tremendamente contentos de poder estar<br>generando el taller de inicio o la instancia de apertura con el primer grupo de personas<br>que participan en el proyecto Innova FOSIS \u201cCamino a la inclusi\u00f3n laboral\u201d, que la<br>Corporaci\u00f3n Manos de Hermanos est\u00e1 desarrollando, y en esta oportunidad pudimos no<br>s\u00f3lo conocer a las personas que van a ser beneficiarias de este proyecto, sino que<br>tambi\u00e9n el plan de trabajo, cu\u00e1les son los talleres que se van a ir impulsando, c\u00f3mo se va<br>a trabajar con las empresas. En ese sentido creemos que estamos desarrollando un piloto<br>que esperamos pueda ser escalado como pol\u00edtica p\u00fablica\u201d, se\u00f1al\u00f3 el director regional del<br>FOSIS, Felipe Jeria Palma.<br>Por su parte, la directora regional (s) de SENCE, Doris Manquian Cuminao, expres\u00f3 que:<br>\u201ccomo socio estrat\u00e9gico estamos bastante contentos como instituci\u00f3n y lo digo porque<br>dentro de nuestra visi\u00f3n, de nuestra misi\u00f3n como instituci\u00f3n est\u00e1 precisamente la mirada<br>en materia de intermediaci\u00f3n laboral y qu\u00e9 mejor que una instituci\u00f3n que tiene experiencia<br>reconocida a nivel de regi\u00f3n pueda hacerse part\u00edcipe activo de ello, mucho m\u00e1s por la<br>experiencia que ellos tienen y generando toda una metodolog\u00eda de trabajo que, por cierto,<br>es una metodolog\u00eda tremendamente innovadora porque de igual forma es un programa<br>piloto que se est\u00e1 gestionando a nivel de pa\u00eds\u201d.<\/p>\n","protected":false},"excerpt":{"rendered":"<p>En las dependencias del taller laboral de la Corporaci\u00f3n Manos de Hermanos se iniciaronlos talleres de capacitaci\u00f3n del programa piloto \u201cCamino a la Inclusi\u00f3n Laboral\u201d, el quetiene por objetivo enfrentar&#8230; <a class=\"read-more\" href=\"https:\/\/www.radiopresidenteibanez.cl\/web\/inician-talleres-para-promover-la-inclusion-laboral-en-personas-con-discapacidad\/\">Leer m\u00e1s<\/a><\/p>\n","protected":false},"author":2,"featured_media":50218,"comment_status":"closed","ping_status":"closed","sticky":false,"template":"","format":"standard","meta":{"footnotes":""},"categories":[1],"tags":[],"class_list":["post-50217","post","type-post","status-publish","format-standard","has-post-thumbnail","hentry","category-cronica"],"_links":{"self":[{"href":"https:\/\/www.radiopresidenteibanez.cl\/web\/wp-json\/wp\/v2\/posts\/50217","targetHints":{"allow":["GET"]}}],"collection":[{"href":"https:\/\/www.radiopresidenteibanez.cl\/web\/wp-json\/wp\/v2\/posts"}],"about":[{"href":"https:\/\/www.radiopresidenteibanez.cl\/web\/wp-json\/wp\/v2\/types\/post"}],"author":[{"embeddable":true,"href":"https:\/\/www.radiopresidenteibanez.cl\/web\/wp-json\/wp\/v2\/users\/2"}],"replies":[{"embeddable":true,"href":"https:\/\/www.radiopresidenteibanez.cl\/web\/wp-json\/wp\/v2\/comments?post=50217"}],"version-history":[{"count":0,"href":"https:\/\/www.radiopresidenteibanez.cl\/web\/wp-json\/wp\/v2\/posts\/50217\/revisions"}],"wp:featuredmedia":[{"embeddable":true,"href":"https:\/\/www.radiopresidenteibanez.cl\/web\/wp-json\/wp\/v2\/media\/50218"}],"wp:attachment":[{"href":"https:\/\/www.radiopresidenteibanez.cl\/web\/wp-json\/wp\/v2\/media?parent=50217"}],"wp:term":[{"taxonomy":"category","embeddable":true,"href":"https:\/\/www.radiopresidenteibanez.cl\/web\/wp-json\/wp\/v2\/categories?post=50217"},{"taxonomy":"post_tag","embeddable":true,"href":"https:\/\/www.radiopresidenteibanez.cl\/web\/wp-json\/wp\/v2\/tags?post=50217"}],"curies":[{"name":"wp","href":"https:\/\/api.w.org\/{rel}","templated":true}]}}