{"id":50207,"date":"2024-07-31T10:09:00","date_gmt":"2024-07-31T13:09:00","guid":{"rendered":"https:\/\/www.radiopresidenteibanez.cl\/web\/?p=50207"},"modified":"2024-08-01T10:12:52","modified_gmt":"2024-08-01T13:12:52","slug":"remate-2","status":"publish","type":"post","link":"https:\/\/www.radiopresidenteibanez.cl\/web\/remate-2\/","title":{"rendered":"REMATE"},"content":{"rendered":"\n<p>Juez \u00c1rbitro Partidor <strong>Luis Miguel Ojeda Ag\u00fcero, <\/strong>direcci\u00f3n Presidente Err\u00e1zuriz 840, segundo piso, oficina 2, Punta Arenas, correo electr\u00f3nico <a href=\"mailto:notificaciones@ojedayasociados.cl\">notificaciones@ojedayasociados.cl<\/a> . Partes <strong>\u201cMANCILLA Y OTROS CON CARRIZO Y OTRO\u201d, <\/strong>rematar\u00e1 presencialmente en dependencias del Sr. Actuario en calle Lautaro Navarro Nro. 1048 el\u00a0 09 de\u00a0 agosto de 2024 13.30 horas, inmueble ubicado en calle Violeta Parra 458, actual calle Bandera de la Poblaci\u00f3n Gobernador Viel ciudad y comuna Punta Arenas, Regi\u00f3n de Magallanes y la Ant\u00e1rtica chilena. M\u00ednimo de subasta $ 70.000.000.- Garant\u00eda 10% m\u00ednimo fijado, a nombre de Luis Miguel Ojeda Ag\u00fcero, CNI 16.066.261-1, debiendo acompa\u00f1arse comprobante, c\u00e9dula de identidad y nombre del postor previo al momento de la subasta. Dem\u00e1s bases y antecedentes en expediente arbitral. <strong>Pablo Valenzuela P\u00e9re, <\/strong>Actuario y Ministro de Fe.<\/p>\n","protected":false},"excerpt":{"rendered":"<p>Juez \u00c1rbitro Partidor Luis Miguel Ojeda Ag\u00fcero, direcci\u00f3n Presidente Err\u00e1zuriz 840, segundo piso, oficina 2, Punta Arenas, correo electr\u00f3nico notificaciones@ojedayasociados.cl . Partes \u201cMANCILLA Y OTROS CON CARRIZO Y OTRO\u201d, rematar\u00e1&#8230; <a class=\"read-more\" href=\"https:\/\/www.radiopresidenteibanez.cl\/web\/remate-2\/\">Leer m\u00e1s<\/a><\/p>\n","protected":false},"author":2,"featured_media":50208,"comment_status":"closed","ping_status":"closed","sticky":false,"template":"","format":"standard","meta":{"footnotes":""},"categories":[1],"tags":[],"class_list":["post-50207","post","type-post","status-publish","format-standard","has-post-thumbnail","hentry","category-cronica"],"_links":{"self":[{"href":"https:\/\/www.radiopresidenteibanez.cl\/web\/wp-json\/wp\/v2\/posts\/50207","targetHints":{"allow":["GET"]}}],"collection":[{"href":"https:\/\/www.radiopresidenteibanez.cl\/web\/wp-json\/wp\/v2\/posts"}],"about":[{"href":"https:\/\/www.radiopresidenteibanez.cl\/web\/wp-json\/wp\/v2\/types\/post"}],"author":[{"embeddable":true,"href":"https:\/\/www.radiopresidenteibanez.cl\/web\/wp-json\/wp\/v2\/users\/2"}],"replies":[{"embeddable":true,"href":"https:\/\/www.radiopresidenteibanez.cl\/web\/wp-json\/wp\/v2\/comments?post=50207"}],"version-history":[{"count":0,"href":"https:\/\/www.radiopresidenteibanez.cl\/web\/wp-json\/wp\/v2\/posts\/50207\/revisions"}],"wp:featuredmedia":[{"embeddable":true,"href":"https:\/\/www.radiopresidenteibanez.cl\/web\/wp-json\/wp\/v2\/media\/50208"}],"wp:attachment":[{"href":"https:\/\/www.radiopresidenteibanez.cl\/web\/wp-json\/wp\/v2\/media?parent=50207"}],"wp:term":[{"taxonomy":"category","embeddable":true,"href":"https:\/\/www.radiopresidenteibanez.cl\/web\/wp-json\/wp\/v2\/categories?post=50207"},{"taxonomy":"post_tag","embeddable":true,"href":"https:\/\/www.radiopresidenteibanez.cl\/web\/wp-json\/wp\/v2\/tags?post=50207"}],"curies":[{"name":"wp","href":"https:\/\/api.w.org\/{rel}","templated":true}]}}