{"id":50201,"date":"2024-08-01T09:36:00","date_gmt":"2024-08-01T12:36:00","guid":{"rendered":"https:\/\/www.radiopresidenteibanez.cl\/web\/?p=50201"},"modified":"2024-08-01T08:47:38","modified_gmt":"2024-08-01T11:47:38","slug":"inia-kampenaike-participa-en-el-lanzamiento-del-programa-pti-agroalimentos-en-puerto-natales","status":"publish","type":"post","link":"https:\/\/www.radiopresidenteibanez.cl\/web\/inia-kampenaike-participa-en-el-lanzamiento-del-programa-pti-agroalimentos-en-puerto-natales\/","title":{"rendered":"INIA KAMPENAIKE PARTICIPA EN EL LANZAMIENTO DEL PROGRAMA PTI AGROALIMENTOS EN PUERTO NATALES"},"content":{"rendered":"\n<p>El mi\u00e9rcoles 31 de julio, nuestras destacadas investigadoras Claudia McLeod, Carolla Mart\u00ednez y Pamela Bahamondez, del \u00e1rea de producci\u00f3n vegetal de INIA Kampenaike, participaron en el lanzamiento del Programa Territorial Integrado (PTI) de Agroalimentos en la regi\u00f3n de Magallanes. El evento se llev\u00f3 a cabo en el Sal\u00f3n Cormor\u00e1n de las Rocas en Puerto Natales.<\/p>\n\n\n\n<p>El PTI Agroalimentos se implementar\u00e1 en las comunas de Punta Arenas y Puerto Natales con el objetivo de fortalecer la cadena de valor de los agroalimentos en Magallanes\u00a0este programa busca establecer un modelo de gesti\u00f3n territorial que articule acciones p\u00fablico-privadas, promoviendo el aumento de la producci\u00f3n, la mejora de la calidad de los agroalimentos y la optimizaci\u00f3n de la log\u00edstica para acceder a nuevos mercados de nicho regional.<\/p>\n\n\n\n<p>Nuestras investigadoras enfocar\u00e1n su trabajo en \u00e1reas como la agroecolog\u00eda, la hidropon\u00eda y el procesamiento de alimentos, desarrollando una cadena de trabajo integral en beneficio del sector agroalimentario.<\/p>\n\n\n\n<p><\/p>\n","protected":false},"excerpt":{"rendered":"<p>El mi\u00e9rcoles 31 de julio, nuestras destacadas investigadoras Claudia McLeod, Carolla Mart\u00ednez y Pamela Bahamondez, del \u00e1rea de producci\u00f3n vegetal de INIA Kampenaike, participaron en el lanzamiento del Programa Territorial&#8230; <a class=\"read-more\" href=\"https:\/\/www.radiopresidenteibanez.cl\/web\/inia-kampenaike-participa-en-el-lanzamiento-del-programa-pti-agroalimentos-en-puerto-natales\/\">Leer m\u00e1s<\/a><\/p>\n","protected":false},"author":2,"featured_media":50202,"comment_status":"closed","ping_status":"closed","sticky":false,"template":"","format":"standard","meta":{"footnotes":""},"categories":[1],"tags":[],"class_list":["post-50201","post","type-post","status-publish","format-standard","has-post-thumbnail","hentry","category-cronica"],"_links":{"self":[{"href":"https:\/\/www.radiopresidenteibanez.cl\/web\/wp-json\/wp\/v2\/posts\/50201","targetHints":{"allow":["GET"]}}],"collection":[{"href":"https:\/\/www.radiopresidenteibanez.cl\/web\/wp-json\/wp\/v2\/posts"}],"about":[{"href":"https:\/\/www.radiopresidenteibanez.cl\/web\/wp-json\/wp\/v2\/types\/post"}],"author":[{"embeddable":true,"href":"https:\/\/www.radiopresidenteibanez.cl\/web\/wp-json\/wp\/v2\/users\/2"}],"replies":[{"embeddable":true,"href":"https:\/\/www.radiopresidenteibanez.cl\/web\/wp-json\/wp\/v2\/comments?post=50201"}],"version-history":[{"count":0,"href":"https:\/\/www.radiopresidenteibanez.cl\/web\/wp-json\/wp\/v2\/posts\/50201\/revisions"}],"wp:featuredmedia":[{"embeddable":true,"href":"https:\/\/www.radiopresidenteibanez.cl\/web\/wp-json\/wp\/v2\/media\/50202"}],"wp:attachment":[{"href":"https:\/\/www.radiopresidenteibanez.cl\/web\/wp-json\/wp\/v2\/media?parent=50201"}],"wp:term":[{"taxonomy":"category","embeddable":true,"href":"https:\/\/www.radiopresidenteibanez.cl\/web\/wp-json\/wp\/v2\/categories?post=50201"},{"taxonomy":"post_tag","embeddable":true,"href":"https:\/\/www.radiopresidenteibanez.cl\/web\/wp-json\/wp\/v2\/tags?post=50201"}],"curies":[{"name":"wp","href":"https:\/\/api.w.org\/{rel}","templated":true}]}}