{"id":50186,"date":"2024-07-31T14:41:00","date_gmt":"2024-07-31T17:41:00","guid":{"rendered":"https:\/\/www.radiopresidenteibanez.cl\/web\/?p=50186"},"modified":"2024-07-31T11:39:54","modified_gmt":"2024-07-31T14:39:54","slug":"gobierno-regional-y-la-junji-firman-dos-convenios-para-proyectos-con-ninos-de-punta-arenas-y-porvenir","status":"publish","type":"post","link":"https:\/\/www.radiopresidenteibanez.cl\/web\/gobierno-regional-y-la-junji-firman-dos-convenios-para-proyectos-con-ninos-de-punta-arenas-y-porvenir\/","title":{"rendered":"GOBIERNO REGIONAL Y LA JUNJI FIRMAN DOS CONVENIOS PARA PROYECTOS CON NI\u00d1OS DE PUNTA ARENAS Y PORVENIR"},"content":{"rendered":"\n<p>El Gobierno Regional de Magallanes y de la Ant\u00e1rtica Chilena y la Junta Nacional de Jardines Infantiles, firmaron dos convenios enmarcados en iniciativas de los Fondos Concursables, para desarrollar actividades con p\u00e1rvulos de Punta Arenas y de Porvenir donde se ver\u00e1n beneficiados m\u00e1s de cien ni\u00f1os y ni\u00f1as.<\/p>\n\n\n\n<p>La primera de ellas consiste en el financiamiento del traslado, entre los meses de agosto a diciembre, desde los jardines infantiles que cuentan con extensi\u00f3n horaria, al CIIJUM, para que los ni\u00f1os y ni\u00f1as de los niveles medios de las extensiones horarias puedan trabajar con una metodolog\u00eda basada en el juego, realizar rotaci\u00f3n por variados espacios, donde se le brindar\u00e1 la posibilidad de explorar vinculando la percepci\u00f3n, el movimiento y la corporalidad a trav\u00e9s de diferentes experiencias l\u00fadico-motrices.<\/p>\n\n\n\n<p>\u201cLa inversi\u00f3n en primera infancia siempre es la m\u00e1s rentable desde el impacto que causa en la vida de los ni\u00f1os. Magallanes cuenta con una infraestructura que es tremendamente l\u00fadica como el Cijum donde los ni\u00f1os, de manera rotativa, podr\u00e1n compartir en estos espacios\u201d destac\u00f3 el Gobernador Jorge Flies.<\/p>\n\n\n\n<p>En la misma l\u00ednea, la directora regional de la Junji, Paola Valenzuela Pino, destac\u00f3 el proyecto y dijo que \u201ces muy relevante brindar espacios y experiencias m\u00e1s l\u00fadicas para las ni\u00f1as y los ni\u00f1os que tienen jornada m\u00e1s extensa y, por lo tanto, aportar con salidas educativas contribuye a su mejor desarrollo y bienestar integral, a trav\u00e9s de objetivos bien evaluados por el Gobierno Regional\u201d.<\/p>\n\n\n\n<p>En segunda instancia, durante el mes de octubre, se realizar\u00e1n dos viajes (uno para cada jard\u00edn) con los niveles medios y sus familias, de los jardines infantiles Papelucho y Pepita de Oro de Porvenir.<\/p>\n\n\n\n<p>La actividad se da inicio con el embarque y cruce desde Bah\u00eda Chilota al embarcadero Tres Puentes, all\u00ed los espera un bus con el cual se inicia el City Tour por la ciudad de Punta Arenas para luego regresar a Tierra del Fuego.<\/p>\n\n\n\n<p>\u201cEste proyecto es tremendamente descentralizador porque tenemos la posibilidad que los ni\u00f1os de los jardines de Porvenir puedan estar recorriendo Punta Arenas y visitar el Cijum en una din\u00e1mica entretenida y l\u00fadica\u201d dijo Flies.<\/p>\n\n\n\n<p>Adem\u00e1s, los ni\u00f1os y ni\u00f1as estar\u00e1n provistos de c\u00e1maras fotogr\u00e1ficas para registrar aquellos lugares y momentos que encuentren significativos para ellos con el fin de realizar una exposici\u00f3n fotogr\u00e1fica y relatos de la experiencia vivida.<\/p>\n","protected":false},"excerpt":{"rendered":"<p>El Gobierno Regional de Magallanes y de la Ant\u00e1rtica Chilena y la Junta Nacional de Jardines Infantiles, firmaron dos convenios enmarcados en iniciativas de los Fondos Concursables, para desarrollar actividades&#8230; <a class=\"read-more\" href=\"https:\/\/www.radiopresidenteibanez.cl\/web\/gobierno-regional-y-la-junji-firman-dos-convenios-para-proyectos-con-ninos-de-punta-arenas-y-porvenir\/\">Leer m\u00e1s<\/a><\/p>\n","protected":false},"author":2,"featured_media":50187,"comment_status":"closed","ping_status":"closed","sticky":false,"template":"","format":"standard","meta":{"footnotes":""},"categories":[1],"tags":[],"class_list":["post-50186","post","type-post","status-publish","format-standard","has-post-thumbnail","hentry","category-cronica"],"_links":{"self":[{"href":"https:\/\/www.radiopresidenteibanez.cl\/web\/wp-json\/wp\/v2\/posts\/50186","targetHints":{"allow":["GET"]}}],"collection":[{"href":"https:\/\/www.radiopresidenteibanez.cl\/web\/wp-json\/wp\/v2\/posts"}],"about":[{"href":"https:\/\/www.radiopresidenteibanez.cl\/web\/wp-json\/wp\/v2\/types\/post"}],"author":[{"embeddable":true,"href":"https:\/\/www.radiopresidenteibanez.cl\/web\/wp-json\/wp\/v2\/users\/2"}],"replies":[{"embeddable":true,"href":"https:\/\/www.radiopresidenteibanez.cl\/web\/wp-json\/wp\/v2\/comments?post=50186"}],"version-history":[{"count":0,"href":"https:\/\/www.radiopresidenteibanez.cl\/web\/wp-json\/wp\/v2\/posts\/50186\/revisions"}],"wp:featuredmedia":[{"embeddable":true,"href":"https:\/\/www.radiopresidenteibanez.cl\/web\/wp-json\/wp\/v2\/media\/50187"}],"wp:attachment":[{"href":"https:\/\/www.radiopresidenteibanez.cl\/web\/wp-json\/wp\/v2\/media?parent=50186"}],"wp:term":[{"taxonomy":"category","embeddable":true,"href":"https:\/\/www.radiopresidenteibanez.cl\/web\/wp-json\/wp\/v2\/categories?post=50186"},{"taxonomy":"post_tag","embeddable":true,"href":"https:\/\/www.radiopresidenteibanez.cl\/web\/wp-json\/wp\/v2\/tags?post=50186"}],"curies":[{"name":"wp","href":"https:\/\/api.w.org\/{rel}","templated":true}]}}