{"id":50170,"date":"2024-07-30T19:55:00","date_gmt":"2024-07-30T22:55:00","guid":{"rendered":"https:\/\/www.radiopresidenteibanez.cl\/web\/?p=50170"},"modified":"2024-07-30T15:28:28","modified_gmt":"2024-07-30T18:28:28","slug":"fiesta-de-la-ninez-actividades-para-celebrar-el-dia-del-nino-y-la-nina-en-porvenir","status":"publish","type":"post","link":"https:\/\/www.radiopresidenteibanez.cl\/web\/fiesta-de-la-ninez-actividades-para-celebrar-el-dia-del-nino-y-la-nina-en-porvenir\/","title":{"rendered":"FIESTA DE LA NI\u00d1EZ: ACTIVIDADES PARA CELEBRAR EL DIA DEL NI\u00d1O Y LA NI\u00d1A EN PORVENIR"},"content":{"rendered":"\n<p>Con una serie de actividades planificadas para el 10 de agosto, la Delegaci\u00f3n Presidencial<br>Provincial de Tierra del Fuego y Fundaci\u00f3n Integra se han unido para celebrar la ni\u00f1ez en la<br>comuna de Porvenir. Desde las 15 horas, diversos puestos con juegos, una sesi\u00f3n de baile<br>entretenido y recreaci\u00f3n durante toda la tarde, estar\u00e1n disponibles para ni\u00f1os, ni\u00f1as y sus familias<br>en la Sala de Uso M\u00faltiple (SUM).<br>Algunos de los puntos fuertes de la jornada ser\u00e1n la obra de teatro infantil \u201cEl mejor regalito,<br>cambiar un poquito\u201d que gracias a la coordinaci\u00f3n con la Secretar\u00eda Regional Ministerial de las<br>Culturas, las Artes y el Patrimonio de Magallanes y la Ant\u00e1rtica Chilena, podr\u00e1n presentarse en<br>esta jornada, que tambi\u00e9n contar\u00e1 con los trucos en cuatro patas de los canes adiestrados (ECA)<br>de Gendarmer\u00eda.<br>Adem\u00e1s, en la Fiesta de la Ni\u00f1ez se realizar\u00e1 un concurso de autos rancheros que las y los<br>concursantes exhibir\u00e1n durante la jornada. Los autos rancheros forman parte de la tradici\u00f3n<br>infantil de fueguinos y fueguinas, el dise\u00f1o es de libre creaci\u00f3n, el \u00fanico requisito es que sea<br>confeccionado por quienes participan del concurso con los materiales que estimen pertinentes y<br>que su tama\u00f1o no supere los 50 cent\u00edmetros de altura.<br>El delegado presidencial provincial de Tierra del Fuego, Jos\u00e9 Campos Prieto invit\u00f3 a la comunidad a<br>participar de esta actividad pensada en ni\u00f1os, ni\u00f1as y tambi\u00e9n en sus familias, donde se espera<br>que puedan compartir y pasar un buen momento, adem\u00e1s agradeci\u00f3 la participaci\u00f3n y<br>compromiso de todas las instituciones que se har\u00e1n presentes en esta celebraci\u00f3n.<\/p>\n","protected":false},"excerpt":{"rendered":"<p>Con una serie de actividades planificadas para el 10 de agosto, la Delegaci\u00f3n PresidencialProvincial de Tierra del Fuego y Fundaci\u00f3n Integra se han unido para celebrar la ni\u00f1ez en lacomuna&#8230; <a class=\"read-more\" href=\"https:\/\/www.radiopresidenteibanez.cl\/web\/fiesta-de-la-ninez-actividades-para-celebrar-el-dia-del-nino-y-la-nina-en-porvenir\/\">Leer m\u00e1s<\/a><\/p>\n","protected":false},"author":2,"featured_media":50171,"comment_status":"closed","ping_status":"closed","sticky":false,"template":"","format":"standard","meta":{"footnotes":""},"categories":[1],"tags":[],"class_list":["post-50170","post","type-post","status-publish","format-standard","has-post-thumbnail","hentry","category-cronica"],"_links":{"self":[{"href":"https:\/\/www.radiopresidenteibanez.cl\/web\/wp-json\/wp\/v2\/posts\/50170","targetHints":{"allow":["GET"]}}],"collection":[{"href":"https:\/\/www.radiopresidenteibanez.cl\/web\/wp-json\/wp\/v2\/posts"}],"about":[{"href":"https:\/\/www.radiopresidenteibanez.cl\/web\/wp-json\/wp\/v2\/types\/post"}],"author":[{"embeddable":true,"href":"https:\/\/www.radiopresidenteibanez.cl\/web\/wp-json\/wp\/v2\/users\/2"}],"replies":[{"embeddable":true,"href":"https:\/\/www.radiopresidenteibanez.cl\/web\/wp-json\/wp\/v2\/comments?post=50170"}],"version-history":[{"count":0,"href":"https:\/\/www.radiopresidenteibanez.cl\/web\/wp-json\/wp\/v2\/posts\/50170\/revisions"}],"wp:featuredmedia":[{"embeddable":true,"href":"https:\/\/www.radiopresidenteibanez.cl\/web\/wp-json\/wp\/v2\/media\/50171"}],"wp:attachment":[{"href":"https:\/\/www.radiopresidenteibanez.cl\/web\/wp-json\/wp\/v2\/media?parent=50170"}],"wp:term":[{"taxonomy":"category","embeddable":true,"href":"https:\/\/www.radiopresidenteibanez.cl\/web\/wp-json\/wp\/v2\/categories?post=50170"},{"taxonomy":"post_tag","embeddable":true,"href":"https:\/\/www.radiopresidenteibanez.cl\/web\/wp-json\/wp\/v2\/tags?post=50170"}],"curies":[{"name":"wp","href":"https:\/\/api.w.org\/{rel}","templated":true}]}}