{"id":5016,"date":"2019-06-13T19:16:14","date_gmt":"2019-06-13T19:16:14","guid":{"rendered":"http:\/\/www.radiopresidenteibanez.cl\/web\/?p=5016"},"modified":"2019-06-13T20:32:47","modified_gmt":"2019-06-13T20:32:47","slug":"la-cchc-punta-arenas-invita-a-la-comunidad-a-participar-de-construye-patagonia-2019-2","status":"publish","type":"post","link":"https:\/\/www.radiopresidenteibanez.cl\/web\/la-cchc-punta-arenas-invita-a-la-comunidad-a-participar-de-construye-patagonia-2019-2\/","title":{"rendered":"LA CCHC PUNTA ARENAS INVITA A LA COMUNIDAD A PARTICIPAR DE \u201cCONSTRUYE PATAGONIA\u201d 2019"},"content":{"rendered":"\n<p>La III Semana de la Construcci\u00f3n de Punta Arenas 2019, organizada por la\nCChC Punta Arenas, incluye una serie de actividades abiertas a la comunidad a\nrealizarse desde el 26 al 29 de junio: un Seminario, un Ciclo de Charlas\nTem\u00e1ticas, la 3<sup>era<\/sup> versi\u00f3n del Encuentro Construcci\u00f3n Universidad\n(ECU Magallanes) y el Torneo Internacional de B\u00e1squetbol Mini Copa CChC. <\/p>\n\n\n\n<p>\u201cEl \u00faltimo estudio de Bienestar Territorial indic\u00f3 que Punta Arenas estaba bajo el promedio nacional y el Balance de Vivienda 2019 hay interesantes sobre cifras de d\u00e9ficit habitacional. Por eso, en este encuentro nosotros como C\u00e1mara queremos abordar estos temas a fondo, con charlas y toda la informaci\u00f3n necesaria\u201d, indic\u00f3 Jos\u00e9 Alvarado, presidente de la CChC Punta Arenas.<\/p>\n\n\n\n<p>La&nbsp;Semana&nbsp;de\nla&nbsp;Construcci\u00f3n&nbsp;2019 comenzar\u00e1 con el&nbsp;<strong>Seminario \u201cPunta\nArenas 2019: Impulsando el bienestar urbano\u201d<\/strong>, el que se realizar\u00e1 el mi\u00e9rcoles\n26 de junio desde las 08:30 hrs.&nbsp;&nbsp;en los salones del Hotel &amp;\nCasino Dreams. Este evento contar\u00e1 con la presencia de autoridades regional y\nel Presidente de la C\u00e1mara Chilena de la Construcci\u00f3n, Patricio Donoso.<\/p>\n\n\n\n<figure class=\"wp-block-image\"><img loading=\"lazy\" decoding=\"async\" width=\"1024\" height=\"576\" src=\"https:\/\/www.radiopresidenteibanez.cl\/web\/wp-content\/uploads\/2019\/06\/SEMINARIO-SEMANA-CONSTRUYE-PATAGONIA-3-1024x576.jpg\" alt=\"\" class=\"wp-image-5017\" srcset=\"https:\/\/www.radiopresidenteibanez.cl\/web\/wp-content\/uploads\/2019\/06\/SEMINARIO-SEMANA-CONSTRUYE-PATAGONIA-3-1024x576.jpg 1024w, https:\/\/www.radiopresidenteibanez.cl\/web\/wp-content\/uploads\/2019\/06\/SEMINARIO-SEMANA-CONSTRUYE-PATAGONIA-3-300x169.jpg 300w, https:\/\/www.radiopresidenteibanez.cl\/web\/wp-content\/uploads\/2019\/06\/SEMINARIO-SEMANA-CONSTRUYE-PATAGONIA-3-768x432.jpg 768w, https:\/\/www.radiopresidenteibanez.cl\/web\/wp-content\/uploads\/2019\/06\/SEMINARIO-SEMANA-CONSTRUYE-PATAGONIA-3.jpg 1280w\" sizes=\"auto, (max-width: 1024px) 100vw, 1024px\" \/><\/figure>\n\n\n\n<p>La primera charla\ndel Seminario ser\u00e1 sobre el&nbsp;<strong>Atlas de Bienestar Territorial<\/strong>. Marcela\nRuiz Tagle y Juan Manuel S\u00e1nchez, directivos de Corporaci\u00f3n Ciudades, explicar\u00e1\nen detalle el estudio que sit\u00faa a Punta Arenas bajo el promedio nacional en el\n\u00cdndice de Bienestar Territorial, con un puntaje de 0,49.<\/p>\n\n\n\n<p>La segunda charla\ndel Seminario ser\u00e1 dictada por Francisco Vald\u00e9s, economista de la Gerencia de\nEstudios CChC. Con la exposici\u00f3n del&nbsp;\u201c<strong>Balance de Vivienda y Entorno\nUrbano 2019: Una mirada a la realidad de la XII regi\u00f3n<\/strong>\u201d, Vald\u00e9s\nexplicar\u00e1 en detalle el informe que la C\u00e1mara Chilena de\nla&nbsp;Construcci\u00f3n&nbsp;desarroll\u00f3 sobre el d\u00e9ficit habitacional en el pa\u00eds,\nutilizando como base varios datos estad\u00edsticos oficiales, como el Censo 2017. <\/p>\n\n\n\n<p>El jueves 27 de\njunio se realizar\u00e1 un <strong>Ciclo de Charlas Tem\u00e1ticas<\/strong> en el Sal\u00f3n\nAuditorio de CChC Punta Arenas, con exposiciones sobre la construcci\u00f3n\nsustentable, la gesti\u00f3n de residuos de obras de la construcci\u00f3n y la eficiencia\nenerg\u00e9tica en las viviendas de la regi\u00f3n de Magallanes. <\/p>\n\n\n\n<p>Otra de las novedades que trae la&nbsp;Semana&nbsp;de la&nbsp;Construcci\u00f3n&nbsp;2019 es&nbsp;<strong>el Tercer Encuentro de&nbsp;Construcci\u00f3n&nbsp;&#8211; Universidad, \u201cECU Magallanes 2019\u201d<\/strong>, que se realizar\u00e1 el viernes 28 de junio a partir de las 16:00 hrs. en el Sal\u00f3n Auditorio de Inacap.<\/p>\n\n\n\n<figure class=\"wp-block-image\"><img loading=\"lazy\" decoding=\"async\" width=\"1024\" height=\"576\" src=\"https:\/\/www.radiopresidenteibanez.cl\/web\/wp-content\/uploads\/2019\/06\/INVITACION-SEMANA-DE-LA-CONSTRUCCION-2019-1024x576.jpg\" alt=\"\" class=\"wp-image-5018\" srcset=\"https:\/\/www.radiopresidenteibanez.cl\/web\/wp-content\/uploads\/2019\/06\/INVITACION-SEMANA-DE-LA-CONSTRUCCION-2019-1024x576.jpg 1024w, https:\/\/www.radiopresidenteibanez.cl\/web\/wp-content\/uploads\/2019\/06\/INVITACION-SEMANA-DE-LA-CONSTRUCCION-2019-300x169.jpg 300w, https:\/\/www.radiopresidenteibanez.cl\/web\/wp-content\/uploads\/2019\/06\/INVITACION-SEMANA-DE-LA-CONSTRUCCION-2019-768x432.jpg 768w, https:\/\/www.radiopresidenteibanez.cl\/web\/wp-content\/uploads\/2019\/06\/INVITACION-SEMANA-DE-LA-CONSTRUCCION-2019.jpg 1280w\" sizes=\"auto, (max-width: 1024px) 100vw, 1024px\" \/><\/figure>\n\n\n\n<p>Los estudiantes de\ncarreras ligadas al sector de la regi\u00f3n podr\u00e1n actualizar sus conocimientos\nsobre Construcci\u00f3n 4.0. La primera charla est\u00e1 a cargo de&nbsp;Francisca Cruz,\nGerente General de Echeverr\u00eda Izquierdo Edificaciones S.A., quien explicar\u00e1\nc\u00f3mo se gestiona el Capital Humano vinculado a la Construcci\u00f3n 4.0.<\/p>\n\n\n\n<p>Luego, la \u00faltima ponencia ser\u00e1 acerca de&nbsp;\u201cConstrucci\u00f3n 4.0 y\nmegatendencias en la construcci\u00f3n\u201d. Juan Carlos Le\u00f3n, Gerente General de la\nCorporaci\u00f3n de Desarrollo Tecnol\u00f3gico (CDT), estar\u00e1 ac\u00e1 cargo de esta charla.<strong><\/strong><\/p>\n\n\n\n<p>Finalmente, en la tarde del viernes 28 de junio y el s\u00e1bado 29 de junio se realizar\u00e1 el&nbsp;<strong>\u201cTorneo Internacional de B\u00e1squetbol Mini \u2013 Copa CChC\u201d<\/strong>,&nbsp;en el Gimnasio Espa\u00f1ol de Punta Arenas. En el certamen de baloncesto escolar competir\u00e1n m\u00e1s de doscientos ni\u00f1os de entre 11 y 12 a\u00f1os, divididos en seis equipos, dentro de los que se encuentra uno de R\u00edo Gallegos (Argentina).<\/p>\n\n\n\n<figure class=\"wp-block-image\"><img loading=\"lazy\" decoding=\"async\" width=\"673\" height=\"1024\" src=\"https:\/\/www.radiopresidenteibanez.cl\/web\/wp-content\/uploads\/2019\/06\/AFICHE-BASKET-673x1024.jpg\" alt=\"\" class=\"wp-image-5019\" srcset=\"https:\/\/www.radiopresidenteibanez.cl\/web\/wp-content\/uploads\/2019\/06\/AFICHE-BASKET-673x1024.jpg 673w, https:\/\/www.radiopresidenteibanez.cl\/web\/wp-content\/uploads\/2019\/06\/AFICHE-BASKET-197x300.jpg 197w, https:\/\/www.radiopresidenteibanez.cl\/web\/wp-content\/uploads\/2019\/06\/AFICHE-BASKET.jpg 720w\" sizes=\"auto, (max-width: 673px) 100vw, 673px\" \/><\/figure>\n\n\n\n<p>Todas las actividades son abiertas a la comunidad, y si desean asistir, les pedimos que escriban al correo&nbsp;<a rel=\"noreferrer noopener\" href=\"mailto:parenas@cchc.cl\" target=\"_blank\">parenas@cchc.cl<\/a>, llamen al (2) 2588 7490, o visiten la sede de la CChC Punta Arenas, ubicada en Magallanes #671.<\/p>\n","protected":false},"excerpt":{"rendered":"<p>La III Semana de la Construcci\u00f3n de Punta Arenas 2019, organizada por la CChC Punta Arenas, incluye una serie de actividades abiertas a la comunidad a realizarse desde el 26&#8230; <a class=\"read-more\" href=\"https:\/\/www.radiopresidenteibanez.cl\/web\/la-cchc-punta-arenas-invita-a-la-comunidad-a-participar-de-construye-patagonia-2019-2\/\">Leer m\u00e1s<\/a><\/p>\n","protected":false},"author":2,"featured_media":5018,"comment_status":"closed","ping_status":"closed","sticky":false,"template":"","format":"standard","meta":{"footnotes":""},"categories":[1],"tags":[],"class_list":["post-5016","post","type-post","status-publish","format-standard","has-post-thumbnail","hentry","category-cronica"],"_links":{"self":[{"href":"https:\/\/www.radiopresidenteibanez.cl\/web\/wp-json\/wp\/v2\/posts\/5016","targetHints":{"allow":["GET"]}}],"collection":[{"href":"https:\/\/www.radiopresidenteibanez.cl\/web\/wp-json\/wp\/v2\/posts"}],"about":[{"href":"https:\/\/www.radiopresidenteibanez.cl\/web\/wp-json\/wp\/v2\/types\/post"}],"author":[{"embeddable":true,"href":"https:\/\/www.radiopresidenteibanez.cl\/web\/wp-json\/wp\/v2\/users\/2"}],"replies":[{"embeddable":true,"href":"https:\/\/www.radiopresidenteibanez.cl\/web\/wp-json\/wp\/v2\/comments?post=5016"}],"version-history":[{"count":0,"href":"https:\/\/www.radiopresidenteibanez.cl\/web\/wp-json\/wp\/v2\/posts\/5016\/revisions"}],"wp:featuredmedia":[{"embeddable":true,"href":"https:\/\/www.radiopresidenteibanez.cl\/web\/wp-json\/wp\/v2\/media\/5018"}],"wp:attachment":[{"href":"https:\/\/www.radiopresidenteibanez.cl\/web\/wp-json\/wp\/v2\/media?parent=5016"}],"wp:term":[{"taxonomy":"category","embeddable":true,"href":"https:\/\/www.radiopresidenteibanez.cl\/web\/wp-json\/wp\/v2\/categories?post=5016"},{"taxonomy":"post_tag","embeddable":true,"href":"https:\/\/www.radiopresidenteibanez.cl\/web\/wp-json\/wp\/v2\/tags?post=5016"}],"curies":[{"name":"wp","href":"https:\/\/api.w.org\/{rel}","templated":true}]}}