{"id":50152,"date":"2024-07-30T11:51:00","date_gmt":"2024-07-30T14:51:00","guid":{"rendered":"https:\/\/www.radiopresidenteibanez.cl\/web\/?p=50152"},"modified":"2024-07-30T10:56:24","modified_gmt":"2024-07-30T13:56:24","slug":"tabsa-respalda-a-la-organiacion-de-la-49a-version-del-gran-premio-de-la-hermandad","status":"publish","type":"post","link":"https:\/\/www.radiopresidenteibanez.cl\/web\/tabsa-respalda-a-la-organiacion-de-la-49a-version-del-gran-premio-de-la-hermandad\/","title":{"rendered":"TABSA RESPALDA A LA ORGANIACION DE LA  49\u00aa VERSION DEL GRAN PREMIO DE LA HERMANDAD"},"content":{"rendered":"\n<p>Con el prop\u00f3sito de facilitar la realizaci\u00f3n de las revisiones t\u00e9cnicas de los veh\u00edculos que participar\u00e1n en la 49a versi\u00f3n del Gran Premio de la Hermandad y a solicitud del Alcalde de Porvenir, Gabriel Parada, y de la Asociaci\u00f3n Deportiva Local Fueguina de Automovilismo (Adelfa) TABSA modific\u00f3 el horario del cruce entre Punta Arenas y Porvenir el pr\u00f3ximo mi\u00e9rcoles 14 de agosto.<\/p>\n\n\n\n<p>Desde la empresa informaron que, en la fecha indicada, el ferry Pathagon zapar\u00e1 desde Punta Arenas a las 9.00 horas y desde Porvenir a las 14.00 horas como una forma de brindar un espacio horario en el que los competidores y la organizaci\u00f3n puedan realizar las revisiones correspondientes en preparaci\u00f3n al tradicional rally fueguino que cumple 50 a\u00f1os de existencia y que s\u00f3lo dej\u00f3 de realizarse durante la pandemia de covid-19.<\/p>\n","protected":false},"excerpt":{"rendered":"<p>Con el prop\u00f3sito de facilitar la realizaci\u00f3n de las revisiones t\u00e9cnicas de los veh\u00edculos que participar\u00e1n en la 49a versi\u00f3n del Gran Premio de la Hermandad y a solicitud del&#8230; <a class=\"read-more\" href=\"https:\/\/www.radiopresidenteibanez.cl\/web\/tabsa-respalda-a-la-organiacion-de-la-49a-version-del-gran-premio-de-la-hermandad\/\">Leer m\u00e1s<\/a><\/p>\n","protected":false},"author":2,"featured_media":50153,"comment_status":"closed","ping_status":"closed","sticky":false,"template":"","format":"standard","meta":{"footnotes":""},"categories":[1],"tags":[],"class_list":["post-50152","post","type-post","status-publish","format-standard","has-post-thumbnail","hentry","category-cronica"],"_links":{"self":[{"href":"https:\/\/www.radiopresidenteibanez.cl\/web\/wp-json\/wp\/v2\/posts\/50152","targetHints":{"allow":["GET"]}}],"collection":[{"href":"https:\/\/www.radiopresidenteibanez.cl\/web\/wp-json\/wp\/v2\/posts"}],"about":[{"href":"https:\/\/www.radiopresidenteibanez.cl\/web\/wp-json\/wp\/v2\/types\/post"}],"author":[{"embeddable":true,"href":"https:\/\/www.radiopresidenteibanez.cl\/web\/wp-json\/wp\/v2\/users\/2"}],"replies":[{"embeddable":true,"href":"https:\/\/www.radiopresidenteibanez.cl\/web\/wp-json\/wp\/v2\/comments?post=50152"}],"version-history":[{"count":0,"href":"https:\/\/www.radiopresidenteibanez.cl\/web\/wp-json\/wp\/v2\/posts\/50152\/revisions"}],"wp:featuredmedia":[{"embeddable":true,"href":"https:\/\/www.radiopresidenteibanez.cl\/web\/wp-json\/wp\/v2\/media\/50153"}],"wp:attachment":[{"href":"https:\/\/www.radiopresidenteibanez.cl\/web\/wp-json\/wp\/v2\/media?parent=50152"}],"wp:term":[{"taxonomy":"category","embeddable":true,"href":"https:\/\/www.radiopresidenteibanez.cl\/web\/wp-json\/wp\/v2\/categories?post=50152"},{"taxonomy":"post_tag","embeddable":true,"href":"https:\/\/www.radiopresidenteibanez.cl\/web\/wp-json\/wp\/v2\/tags?post=50152"}],"curies":[{"name":"wp","href":"https:\/\/api.w.org\/{rel}","templated":true}]}}