{"id":5014,"date":"2019-06-13T18:13:11","date_gmt":"2019-06-13T18:13:11","guid":{"rendered":"http:\/\/www.radiopresidenteibanez.cl\/web\/?p=5014"},"modified":"2019-06-13T18:13:25","modified_gmt":"2019-06-13T18:13:25","slug":"cambio-de-gabinete-realiza-presidente-sebastian-pinera-mientras-que-encuentra-cep-indica-que-tan-solo-25-aprueba-su-gestion","status":"publish","type":"post","link":"https:\/\/www.radiopresidenteibanez.cl\/web\/cambio-de-gabinete-realiza-presidente-sebastian-pinera-mientras-que-encuentra-cep-indica-que-tan-solo-25-aprueba-su-gestion\/","title":{"rendered":"CAMBIO DE GABINETE REALIZA PRESIDENTE SEBASTI\u00c1N PI\u00d1ERA, MIENTRAS QUE ENCUENTRA CEP INDICA QUE TAN S\u00d3LO 25% APRUEBA SU GESTI\u00d3N"},"content":{"rendered":"\n<p>En Relaciones exteriores, sale Roberto Ampuero, y asume Teodoro Ribera, abogado constitucionalista, \u200b acad\u00e9mico; mientras que en Econom\u00eda, sale Jos\u00e9 Ram\u00f3n Valente y asume Juan Andr\u00e9s Fontaine, economista, acad\u00e9mico e investigador.<\/p>\n\n\n\n<p>En el ministerio de Salud, sale Emilio Santelices y asume Jaime Ma\u00f1alich, m\u00e9dico chileno de vasta trayectoria en el sector privado, ex ministro de salud en el primer gobierno de Sebasti\u00e1n Pi\u00f1era.<\/p>\n\n\n\n<p>En el ministerio de Obras P\u00fablicas, sale Juan Andr\u00e9s Fontaine, y asume Alfredo Moreno, ingeniero y empresario, ex ministro de Relaciones Exteriores del primer gobierno del Presidente Pi\u00f1era.<\/p>\n\n\n\n<p>En Energ\u00eda, asume como ministro Juan Carlos Jobet, ingeniero y ex ministro de Trabajo y Previsi\u00f3n Social en el primer mandato del Presidente y sale Susana Jimenez.<\/p>\n\n\n\n<p>Para finalizar, en el ministerio de Desarrollo Social y Familia, sale Alfredo Moreno y asume Sebasti\u00e1n Sichel, abogado.<\/p>\n\n\n\n<figure class=\"wp-block-image\"><img loading=\"lazy\" decoding=\"async\" width=\"1000\" height=\"530\" src=\"http:\/\/www.radiopresidenteibanez.cl\/web\/wp-content\/uploads\/2019\/01\/559879_1.jpg\" alt=\"\" class=\"wp-image-385\" srcset=\"https:\/\/www.radiopresidenteibanez.cl\/web\/wp-content\/uploads\/2019\/01\/559879_1.jpg 1000w, https:\/\/www.radiopresidenteibanez.cl\/web\/wp-content\/uploads\/2019\/01\/559879_1-300x159.jpg 300w, https:\/\/www.radiopresidenteibanez.cl\/web\/wp-content\/uploads\/2019\/01\/559879_1-768x407.jpg 768w\" sizes=\"auto, (max-width: 1000px) 100vw, 1000px\" \/><\/figure>\n","protected":false},"excerpt":{"rendered":"<p>En Relaciones exteriores, sale Roberto Ampuero, y asume Teodoro Ribera, abogado constitucionalista, \u200b acad\u00e9mico; mientras que en Econom\u00eda, sale Jos\u00e9 Ram\u00f3n Valente y asume Juan Andr\u00e9s Fontaine, economista, acad\u00e9mico e&#8230; <a class=\"read-more\" href=\"https:\/\/www.radiopresidenteibanez.cl\/web\/cambio-de-gabinete-realiza-presidente-sebastian-pinera-mientras-que-encuentra-cep-indica-que-tan-solo-25-aprueba-su-gestion\/\">Leer m\u00e1s<\/a><\/p>\n","protected":false},"author":2,"featured_media":385,"comment_status":"closed","ping_status":"closed","sticky":false,"template":"","format":"standard","meta":{"footnotes":""},"categories":[5],"tags":[],"class_list":["post-5014","post","type-post","status-publish","format-standard","has-post-thumbnail","hentry","category-politica"],"_links":{"self":[{"href":"https:\/\/www.radiopresidenteibanez.cl\/web\/wp-json\/wp\/v2\/posts\/5014","targetHints":{"allow":["GET"]}}],"collection":[{"href":"https:\/\/www.radiopresidenteibanez.cl\/web\/wp-json\/wp\/v2\/posts"}],"about":[{"href":"https:\/\/www.radiopresidenteibanez.cl\/web\/wp-json\/wp\/v2\/types\/post"}],"author":[{"embeddable":true,"href":"https:\/\/www.radiopresidenteibanez.cl\/web\/wp-json\/wp\/v2\/users\/2"}],"replies":[{"embeddable":true,"href":"https:\/\/www.radiopresidenteibanez.cl\/web\/wp-json\/wp\/v2\/comments?post=5014"}],"version-history":[{"count":0,"href":"https:\/\/www.radiopresidenteibanez.cl\/web\/wp-json\/wp\/v2\/posts\/5014\/revisions"}],"wp:featuredmedia":[{"embeddable":true,"href":"https:\/\/www.radiopresidenteibanez.cl\/web\/wp-json\/wp\/v2\/media\/385"}],"wp:attachment":[{"href":"https:\/\/www.radiopresidenteibanez.cl\/web\/wp-json\/wp\/v2\/media?parent=5014"}],"wp:term":[{"taxonomy":"category","embeddable":true,"href":"https:\/\/www.radiopresidenteibanez.cl\/web\/wp-json\/wp\/v2\/categories?post=5014"},{"taxonomy":"post_tag","embeddable":true,"href":"https:\/\/www.radiopresidenteibanez.cl\/web\/wp-json\/wp\/v2\/tags?post=5014"}],"curies":[{"name":"wp","href":"https:\/\/api.w.org\/{rel}","templated":true}]}}