{"id":50128,"date":"2024-07-29T16:39:00","date_gmt":"2024-07-29T19:39:00","guid":{"rendered":"https:\/\/www.radiopresidenteibanez.cl\/web\/?p=50128"},"modified":"2024-07-29T15:23:51","modified_gmt":"2024-07-29T18:23:51","slug":"direccion-del-trabajo-se-reune-con-sindicatos-portuarios-para-programar-fiscalizacion-a-las-condiciones-de-seguridaden-empresas-del-sector","status":"publish","type":"post","link":"https:\/\/www.radiopresidenteibanez.cl\/web\/direccion-del-trabajo-se-reune-con-sindicatos-portuarios-para-programar-fiscalizacion-a-las-condiciones-de-seguridaden-empresas-del-sector\/","title":{"rendered":"DIRECCION DEL TRABAJO SE REUNE CON SINDICATOS PORTUARIOS PARA PROGRAMAR FISCALIZACION A LAS CONDICIONES DE SEGURIDADEN EMPRESAS DEL SECTOR"},"content":{"rendered":"\n<p>Una reuni\u00f3n con las organizaciones sindicales portuarias de Magallanes, Los R\u00edos y Los<br>Lagos para definir el programa de fiscalizaci\u00f3n que se aplicar\u00e1 pr\u00f3ximamente en las<br>empresas del sector de esas regiones, sostuvo esta tarde en Punta Arenas la Direcci\u00f3n del<br>Trabajo.<br>El encuentro se realiz\u00f3 en el auditorio del Edificio Servicios P\u00fablicos y se prolong\u00f3 entre<br>las 14:30 y las 18:00 horas. Adem\u00e1s de la DT y las organizaciones sindicales, cont\u00f3 con la<br>asistencia de la Superintendencia de Seguridad Social (Suseso), la Direcci\u00f3n General del<br>Territorio Mar\u00edtimo y de Marina Mercante (Directemar) y la Subsecretar\u00eda del Trabajo<br>(Subtrab), organismos participantes de una mesa de trabajo abierta en noviembre del a\u00f1o<br>2023 e integrada tambi\u00e9n por las cinco principales organizaciones de trabajadores<br>portuarios a nivel nacional.<br>La cita fue encabezada por los directores regionales del Trabajo de Magallanes, Carlo<br>Gorziglia; Los R\u00edos, C\u00e9sar Paredes, y Los Lagos, Claudio Salas. Tambi\u00e9n participaron la<br>seremi del Trabajo y Previsi\u00f3n Social, Doris Sandoval; el jefe nacional de Inspecci\u00f3n, Jorge<br>Mel\u00e9ndez; el jefe nacional de Relaciones Laborales, Luis Villaz\u00f3n; la jefa nacional de la<br>Unidad de Seguridad y Salud en el Trabajo, Lidia Arenas; el subjefe nacional de Inspecci\u00f3n,<br>Daniel Riquelme y el abogado de Inspecci\u00f3n, Rodrigo Rivera.<br>Al cabo de la reuni\u00f3n, Carlo Gorziglia dijo que \u201ceste encuentro es muy importante para los<br>trabajadores y trabajadoras portuarias de nuestra regi\u00f3n porque la pr\u00f3xima fiscalizaci\u00f3n<br>que realizaremos va a ayudar a mejorar las condiciones de seguridad en las que laboran\u201d.<br>Jorge Mel\u00e9ndez explic\u00f3 que \u201ceste programa nacional inspectivo es relevante porque<br>abarcar\u00e1 a las 11 regiones del pa\u00eds con recintos portuarios y ser\u00e1 la primera vez que se<br>aplicar\u00e1 el Formulario \u00danico de Fiscalizaci\u00f3n, elaborado el a\u00f1o pasado por todas las<br>instituciones del Estado que deben velar por la seguridad laboral mar\u00edtimo y portuaria, y<\/p>\n\n\n\n<p>cuyo contenido eleva significativamente los est\u00e1ndares que deben cumplir y respetar las<br>empresas para proteger la vida y salud de sus trabajadores\u201d.<br>Luis Villaz\u00f3n destac\u00f3 que \u201ccoherente con nuestra hist\u00f3rica relaci\u00f3n con las organizaciones<br>de trabajadores y trabajadoras, la Direcci\u00f3n del Trabajo dise\u00f1ar\u00e1 su fiscalizaci\u00f3n mar\u00edtima<br>y portuaria considerando prioritariamente los planteamientos sindicales del sector porque<br>estos nos advertir\u00e1n con total certeza cu\u00e1les son los actuales factores de inseguridad que<br>debemos remediar con nuestras fiscalizaciones\u201d.<br>Doris Sandoval a\u00f1adi\u00f3 que \u201cestamos dando cumplimiento a compromisos contra\u00eddos con<br>las y los trabajadores, que nos permitan fortalecer los procesos de fiscalizaci\u00f3n, mediante<br>el perfeccionamiento de los instrumentos utilizados para ello. Necesitamos avanzar y<br>generar condiciones de trabajo decente, que considere tambi\u00e9n el \u00e1mbito portuario. La<br>regi\u00f3n tiene desaf\u00edos en la materia, y aquello debe considerar, a quienes dan vida a los<br>puertos de la regi\u00f3n\u201d.<\/p>\n","protected":false},"excerpt":{"rendered":"<p>Una reuni\u00f3n con las organizaciones sindicales portuarias de Magallanes, Los R\u00edos y LosLagos para definir el programa de fiscalizaci\u00f3n que se aplicar\u00e1 pr\u00f3ximamente en lasempresas del sector de esas regiones,&#8230; <a class=\"read-more\" href=\"https:\/\/www.radiopresidenteibanez.cl\/web\/direccion-del-trabajo-se-reune-con-sindicatos-portuarios-para-programar-fiscalizacion-a-las-condiciones-de-seguridaden-empresas-del-sector\/\">Leer m\u00e1s<\/a><\/p>\n","protected":false},"author":2,"featured_media":50129,"comment_status":"closed","ping_status":"closed","sticky":false,"template":"","format":"standard","meta":{"footnotes":""},"categories":[1],"tags":[],"class_list":["post-50128","post","type-post","status-publish","format-standard","has-post-thumbnail","hentry","category-cronica"],"_links":{"self":[{"href":"https:\/\/www.radiopresidenteibanez.cl\/web\/wp-json\/wp\/v2\/posts\/50128","targetHints":{"allow":["GET"]}}],"collection":[{"href":"https:\/\/www.radiopresidenteibanez.cl\/web\/wp-json\/wp\/v2\/posts"}],"about":[{"href":"https:\/\/www.radiopresidenteibanez.cl\/web\/wp-json\/wp\/v2\/types\/post"}],"author":[{"embeddable":true,"href":"https:\/\/www.radiopresidenteibanez.cl\/web\/wp-json\/wp\/v2\/users\/2"}],"replies":[{"embeddable":true,"href":"https:\/\/www.radiopresidenteibanez.cl\/web\/wp-json\/wp\/v2\/comments?post=50128"}],"version-history":[{"count":0,"href":"https:\/\/www.radiopresidenteibanez.cl\/web\/wp-json\/wp\/v2\/posts\/50128\/revisions"}],"wp:featuredmedia":[{"embeddable":true,"href":"https:\/\/www.radiopresidenteibanez.cl\/web\/wp-json\/wp\/v2\/media\/50129"}],"wp:attachment":[{"href":"https:\/\/www.radiopresidenteibanez.cl\/web\/wp-json\/wp\/v2\/media?parent=50128"}],"wp:term":[{"taxonomy":"category","embeddable":true,"href":"https:\/\/www.radiopresidenteibanez.cl\/web\/wp-json\/wp\/v2\/categories?post=50128"},{"taxonomy":"post_tag","embeddable":true,"href":"https:\/\/www.radiopresidenteibanez.cl\/web\/wp-json\/wp\/v2\/tags?post=50128"}],"curies":[{"name":"wp","href":"https:\/\/api.w.org\/{rel}","templated":true}]}}