{"id":50058,"date":"2024-07-25T14:41:00","date_gmt":"2024-07-25T17:41:00","guid":{"rendered":"https:\/\/www.radiopresidenteibanez.cl\/web\/?p=50058"},"modified":"2024-07-25T11:58:10","modified_gmt":"2024-07-25T14:58:10","slug":"aguas-magallanes-recibio-cerca-de-11-000-requerimientos-durante-la-emergencia-por-bajas-temperaturas","status":"publish","type":"post","link":"https:\/\/www.radiopresidenteibanez.cl\/web\/aguas-magallanes-recibio-cerca-de-11-000-requerimientos-durante-la-emergencia-por-bajas-temperaturas\/","title":{"rendered":"AGUAS MAGALLANES RECIBI\u00d3 CERCA DE 11.000 REQUERIMIENTOS DURANTE LA EMERGENCIA POR BAJAS TEMPERATURAS"},"content":{"rendered":"\n<p>Un \u00faltimo balance realiz\u00f3 Aguas Magallanes, respecto de la emergencia clim\u00e1tica por bajas temperaturas que afect\u00f3 principalmente la capital regional, durante junio y parte de julio.&nbsp;De acuerdo con los registros de la estaci\u00f3n meteorol\u00f3gica Jorge C. Schthe, el sexto mes del a\u00f1o bati\u00f3 r\u00e9cords y cerr\u00f3 como el m\u00e1s fr\u00edo de los \u00faltimos 54 a\u00f1os; de igual forma, desde 2002 no se registraba el nivel de precipitaciones de nieve, que alcanz\u00f3 los 29.1 cent\u00edmetros. Durante el evento, Aguas Magallanes recibi\u00f3 cerca de 11.000 requerimientos, equivalentes a la totalidad de casos que atiende durante un a\u00f1o.<\/p>\n\n\n\n<p>Cristian Oyarz\u00fan Araya, subgerente de Clientes, explic\u00f3 que, si bien las plantas de producci\u00f3n de agua potable operaron con total normalidad durante toda la emergencia, esta condici\u00f3n clim\u00e1tica impact\u00f3 en muchos hogares de la regi\u00f3n. \u201cEn primer lugar, tuvimos un grupo de vecinos &nbsp;afectados por filtraciones, roturas de ca\u00f1er\u00edas interiores expuestas y de medidores -cuyo cuidado y mantenci\u00f3n son responsabilidad del cliente- y por otra parte, un gran n\u00famero de casos de usuarios afectados por las interrupciones de suministro que nos vimos obligados a realizar, con el objeto de contener la p\u00e9rdida de agua potable que se estaba generando &nbsp;a ra\u00edz de la gran cantidad de medidores rotos , lo que pon\u00eda &nbsp;en riesgo las reservas de los estanques\u201d.<\/p>\n\n\n\n<p>El ejecutivo se refiri\u00f3 tambi\u00e9n al gran despliegue en terreno, al refuerzo de cuadrillas, apoyo operativo, log\u00edstico, administrativo y comunicacional, que Aguas Magallanes llev\u00f3 adelante durante la emergencia clim\u00e1tica, adem\u00e1s del trabajo realizado puerta a puerta en los sectores m\u00e1s afectados, con el prop\u00f3sito de reforzar las recomendaciones sobre el cuidado de las instalaciones interiores y del medidor.<\/p>\n\n\n\n<p>Como resultado de los trabajos realizados durante la emergencia por bajas temperaturas, se ejecutaron m\u00e1s de 4 mil cambios de medidor y se recibieron cerca de 11 mil requerimientos. Finalmente, el ejecutivo reiter\u00f3 la urgencia de revisar y proteger t\u00e9rmicamente y de manera adecuada el medidor y todas las instalaciones interiores. \u201cEste evento nos record\u00f3 la condici\u00f3n de clima ant\u00e1rtico de la regi\u00f3n y que, por lo tanto, puede volver a repetirse, siendo fundamental generar la conciencia de proteger adecuadamente las instalaciones y evitar en conjunto todos los efectos que experiment\u00f3 la comunidad\u201d, concluy\u00f3.<\/p>\n","protected":false},"excerpt":{"rendered":"<p>Un \u00faltimo balance realiz\u00f3 Aguas Magallanes, respecto de la emergencia clim\u00e1tica por bajas temperaturas que afect\u00f3 principalmente la capital regional, durante junio y parte de julio.&nbsp;De acuerdo con los registros&#8230; <a class=\"read-more\" href=\"https:\/\/www.radiopresidenteibanez.cl\/web\/aguas-magallanes-recibio-cerca-de-11-000-requerimientos-durante-la-emergencia-por-bajas-temperaturas\/\">Leer m\u00e1s<\/a><\/p>\n","protected":false},"author":2,"featured_media":50059,"comment_status":"closed","ping_status":"closed","sticky":false,"template":"","format":"standard","meta":{"footnotes":""},"categories":[1],"tags":[],"class_list":["post-50058","post","type-post","status-publish","format-standard","has-post-thumbnail","hentry","category-cronica"],"_links":{"self":[{"href":"https:\/\/www.radiopresidenteibanez.cl\/web\/wp-json\/wp\/v2\/posts\/50058","targetHints":{"allow":["GET"]}}],"collection":[{"href":"https:\/\/www.radiopresidenteibanez.cl\/web\/wp-json\/wp\/v2\/posts"}],"about":[{"href":"https:\/\/www.radiopresidenteibanez.cl\/web\/wp-json\/wp\/v2\/types\/post"}],"author":[{"embeddable":true,"href":"https:\/\/www.radiopresidenteibanez.cl\/web\/wp-json\/wp\/v2\/users\/2"}],"replies":[{"embeddable":true,"href":"https:\/\/www.radiopresidenteibanez.cl\/web\/wp-json\/wp\/v2\/comments?post=50058"}],"version-history":[{"count":0,"href":"https:\/\/www.radiopresidenteibanez.cl\/web\/wp-json\/wp\/v2\/posts\/50058\/revisions"}],"wp:featuredmedia":[{"embeddable":true,"href":"https:\/\/www.radiopresidenteibanez.cl\/web\/wp-json\/wp\/v2\/media\/50059"}],"wp:attachment":[{"href":"https:\/\/www.radiopresidenteibanez.cl\/web\/wp-json\/wp\/v2\/media?parent=50058"}],"wp:term":[{"taxonomy":"category","embeddable":true,"href":"https:\/\/www.radiopresidenteibanez.cl\/web\/wp-json\/wp\/v2\/categories?post=50058"},{"taxonomy":"post_tag","embeddable":true,"href":"https:\/\/www.radiopresidenteibanez.cl\/web\/wp-json\/wp\/v2\/tags?post=50058"}],"curies":[{"name":"wp","href":"https:\/\/api.w.org\/{rel}","templated":true}]}}