{"id":50046,"date":"2024-07-25T10:37:00","date_gmt":"2024-07-25T13:37:00","guid":{"rendered":"https:\/\/www.radiopresidenteibanez.cl\/web\/?p=50046"},"modified":"2024-07-25T08:47:31","modified_gmt":"2024-07-25T11:47:31","slug":"consejero-cardenas-destaco-el-programa-integral-de-apoyo-a-cuidadores-presentado-por-el-gobierno-regional","status":"publish","type":"post","link":"https:\/\/www.radiopresidenteibanez.cl\/web\/consejero-cardenas-destaco-el-programa-integral-de-apoyo-a-cuidadores-presentado-por-el-gobierno-regional\/","title":{"rendered":"CONSEJERO CARDENAS DESTACO EL PROGRAMA INTEGRAL DE APOYO A CUIDADORES PRESENTADO POR EL GOBIERNO REGIONAL"},"content":{"rendered":"\n<p>El Gobierno Regional de Magallanes ha puesto en marcha el programa \u00abMagallanes Cuida\u00bb, una iniciativa destinada a brindar atenci\u00f3n integral a las personas que se encargan del cuidado de individuos con dependencia moderada y severa. Este programa, impulsado por el gobernador Jorge Flies, busca aliviar la sobrecarga que enfrentan los cuidadores y mejorar la calidad de vida tanto de ellos como de sus dependientes. Con una inversi\u00f3n estimada de m\u00e1s de 2.400 millones de pesos, el programa promete ser un cambio significativo en la pol\u00edtica p\u00fablica regional.<\/p>\n\n\n\n<p>Rodolfo C\u00e1rdenas, presidente regional del Partido Radical y consejero regional por Tierra del Fuego, elogi\u00f3 la iniciativa, destacando la importancia de cuidar a quienes cuidan. \u00abEl programa Magallanes Cuida es una muy buena iniciativa que ha aprobado el consejo regional. Ha sido impulsado por el gobernador Flies con el fin de contribuir al bienestar de aquellas personas que ejercen una importante labor como es cuidar. Preocuparnos de cuidar al que cuida es hoy d\u00eda un tremendo avance en la pol\u00edtica p\u00fablica\u00bb, afirm\u00f3 C\u00e1rdenas.<\/p>\n\n\n\n<p>El programa se estructura en seis componentes clave que abarcan desde el bienestar integral y la salud mental de los cuidadores, hasta la formalizaci\u00f3n de sus labores y el fortalecimiento de la oferta program\u00e1tica. Tambi\u00e9n incluye la visibilizaci\u00f3n y preparaci\u00f3n institucional, as\u00ed como el acceso al transporte de cuidados, asegurando un enfoque integral y multidimensional en el apoyo a los cuidadores.<\/p>\n\n\n\n<p>C\u00e1rdenas destac\u00f3 adem\u00e1s el car\u00e1cter pionero de esta iniciativa. \u00abEs una nueva iniciativa que, por primera vez, un gobierno regional desarrolla y que va a implicar una gran inversi\u00f3n de recursos, pero tambi\u00e9n una gran inversi\u00f3n de contenci\u00f3n y apoyo. El desarrollo de otras iniciativas permitir\u00e1 que los m\u00e1s de 2.400 millones de pesos de inversi\u00f3n en capital humano sean de gran relevancia y atenci\u00f3n directa a aquellas personas que cuidan y ejercen una labor fundamental al interior de los grupos familiares\u00bb, subray\u00f3 el consejero.<\/p>\n\n\n\n<p>El programa tambi\u00e9n cuenta con un fuerte respaldo intersectorial, aline\u00e1ndose con el Proyecto de Ley que reconoce el Derecho al Cuidado y crea el Sistema Nacional de Apoyos y Cuidados. Esto asegura que la implementaci\u00f3n de \u00abMagallanes Cuida\u00bb no solo beneficiar\u00e1 a la regi\u00f3n, sino que tambi\u00e9n contribuir\u00e1 a un esfuerzo nacional por mejorar el sistema de protecci\u00f3n social en Chile.<\/p>\n\n\n\n<p>Finalmente, C\u00e1rdenas expres\u00f3 su satisfacci\u00f3n con el avance del programa, resaltando su potencial para consolidarse como una pol\u00edtica p\u00fablica ejemplar. \u00abEstamos muy contentos de que esto avance y se consolide como una pol\u00edtica p\u00fablica. Adem\u00e1s, tiene un correlato a nivel nacional a trav\u00e9s del trabajo que desarrolla Magallanes, pero tambi\u00e9n el pa\u00eds, en buscar fomentar el desarrollo del sistema de protecci\u00f3n social en nuestro pa\u00eds\u00bb, concluy\u00f3.<\/p>\n\n\n\n<p>La implementaci\u00f3n de \u00abMagallanes Cuida\u00bb representa un hito en la atenci\u00f3n y apoyo a los cuidadores, estableciendo un modelo que podr\u00eda servir de referencia para otras regiones del pa\u00eds. Con su enfoque integral y su s\u00f3lida base intersectorial, el programa promete marcar un antes y un despu\u00e9s en la pol\u00edtica de cuidados en Magallanes y m\u00e1s all\u00e1.<\/p>\n","protected":false},"excerpt":{"rendered":"<p>El Gobierno Regional de Magallanes ha puesto en marcha el programa \u00abMagallanes Cuida\u00bb, una iniciativa destinada a brindar atenci\u00f3n integral a las personas que se encargan del cuidado de individuos&#8230; <a class=\"read-more\" href=\"https:\/\/www.radiopresidenteibanez.cl\/web\/consejero-cardenas-destaco-el-programa-integral-de-apoyo-a-cuidadores-presentado-por-el-gobierno-regional\/\">Leer m\u00e1s<\/a><\/p>\n","protected":false},"author":2,"featured_media":50047,"comment_status":"closed","ping_status":"closed","sticky":false,"template":"","format":"standard","meta":{"footnotes":""},"categories":[1],"tags":[],"class_list":["post-50046","post","type-post","status-publish","format-standard","has-post-thumbnail","hentry","category-cronica"],"_links":{"self":[{"href":"https:\/\/www.radiopresidenteibanez.cl\/web\/wp-json\/wp\/v2\/posts\/50046","targetHints":{"allow":["GET"]}}],"collection":[{"href":"https:\/\/www.radiopresidenteibanez.cl\/web\/wp-json\/wp\/v2\/posts"}],"about":[{"href":"https:\/\/www.radiopresidenteibanez.cl\/web\/wp-json\/wp\/v2\/types\/post"}],"author":[{"embeddable":true,"href":"https:\/\/www.radiopresidenteibanez.cl\/web\/wp-json\/wp\/v2\/users\/2"}],"replies":[{"embeddable":true,"href":"https:\/\/www.radiopresidenteibanez.cl\/web\/wp-json\/wp\/v2\/comments?post=50046"}],"version-history":[{"count":0,"href":"https:\/\/www.radiopresidenteibanez.cl\/web\/wp-json\/wp\/v2\/posts\/50046\/revisions"}],"wp:featuredmedia":[{"embeddable":true,"href":"https:\/\/www.radiopresidenteibanez.cl\/web\/wp-json\/wp\/v2\/media\/50047"}],"wp:attachment":[{"href":"https:\/\/www.radiopresidenteibanez.cl\/web\/wp-json\/wp\/v2\/media?parent=50046"}],"wp:term":[{"taxonomy":"category","embeddable":true,"href":"https:\/\/www.radiopresidenteibanez.cl\/web\/wp-json\/wp\/v2\/categories?post=50046"},{"taxonomy":"post_tag","embeddable":true,"href":"https:\/\/www.radiopresidenteibanez.cl\/web\/wp-json\/wp\/v2\/tags?post=50046"}],"curies":[{"name":"wp","href":"https:\/\/api.w.org\/{rel}","templated":true}]}}