{"id":50034,"date":"2024-07-24T16:39:00","date_gmt":"2024-07-24T19:39:00","guid":{"rendered":"https:\/\/www.radiopresidenteibanez.cl\/web\/?p=50034"},"modified":"2024-07-24T11:53:43","modified_gmt":"2024-07-24T14:53:43","slug":"escuela-de-dirigentes-en-salud-potenciando-el-liderazgo-comunitario-en-punta-arenas","status":"publish","type":"post","link":"https:\/\/www.radiopresidenteibanez.cl\/web\/escuela-de-dirigentes-en-salud-potenciando-el-liderazgo-comunitario-en-punta-arenas\/","title":{"rendered":"ESCUELA DE DIRIGENTES EN SALUD: POTENCIANDO EL LIDERAZGO COMUNITARIO EN PUNTA ARENAS"},"content":{"rendered":"\n<p>La Uni\u00f3n Comunal de Consejos de Desarrollo de Atenci\u00f3n Primaria de Salud de Punta Arenas, con<br>el apoyo de la Secretar\u00eda Regional Ministerial de Salud (SEREMI) y el Servicio de Salud de<br>Magallanes, dio inicio a la tercera edici\u00f3n de la Escuela de Formaci\u00f3n de Dirigentes de Salud,<br>iniciativa que busca fortalecer las capacidades de liderazgo y gesti\u00f3n de los representantes<br>comunitarios en el \u00e1mbito de la salud.<br>En esta primera sesi\u00f3n expusieron el Dr. Ricardo Hun, m\u00e9dico Asesor de la Subdirecci\u00f3n de APS del Servicio de Salud, y Susan Mayor, encargada de ENS de la Seremi, quienes abordaron los<br>determinantes sociales en salud y la Estrategia Nacional de Salud (ENS), entre otras tem\u00e1ticas.<br>La Seremi de Salud Francisca Sanfuentes, indic\u00f3 que: \u201cEstamos muy contentos con la convocatoria<br>que ha tenido esta primera jornada de trabajo de capacitaci\u00f3n de esta escuela de dirigentes de<br>salud. Hemos tenido una excelente convocatoria con representantes de distintos \u00e1mbitos de la<br>comunidad, que van a participar en esta instancia que consta de varias sesiones en torno a las<br>principales tem\u00e1ticas de salud y c\u00f3mo se realiza el trabajo en el sector. As\u00ed que esperamos que<br>nuevamente sea tan exitosa este a\u00f1o como lo fue el a\u00f1o pasado, y continuamos apoyando estas<br>iniciativas de la comunidad organizada, en este caso de los dirigentes de salud de nuestra regi\u00f3n,<br>para seguir aumentando la participaci\u00f3n social que es tan importante en el trabajo diario de<br>nuestros equipos de salud\u201d.<br>La presidenta de los Consejos de Desarrollo de APS Punta Arenas, Tatiana Leuqu\u00e9n, indic\u00f3 que<br>\u201chemos tenido una buena convocatoria y nos llena de alegr\u00eda eso, porque la importancia de<br>educarnos, de fortalecer nuestro empoderamiento ciudadano en participaci\u00f3n de salud es<br>necesario e importante y significativa a la vez, por el aporte que podemos significar no solo en el<br>\u00e1mbito de nuestros pares, sino tambi\u00e9n junto a los funcionarios y de alguna manera influenciar en<br>la pol\u00edtica p\u00fablica\u201d.<br>Por su parte, Edith Mu\u00f1oz, trabajadora social y referente de Participaci\u00f3n Ciudadana del Servicio<br>de Salud Magallanes, acot\u00f3 que esta es una iniciativa, que surge desde la propia Uni\u00f3n Comunal<br>de Consejos de Desarrollo, con la finalidad de que sus integrantes puedan fortalecer sus<br>competencias a fin de desarrollar mejor su rol como dirigentes y consejeros; iniciativa que cuenta<br>con el respaldo &#8211; en su materializaci\u00f3n &#8211; de la SEREMI de Salud y el Servicio de Salud Magallanes.<br>Agregando la profesional que, \u201ceste trabajo es importante, ya que los Consejos de Desarrollo<br>constituyen el v\u00ednculo del sector salud con la sociedad civil, y desde ah\u00ed es importante que ellos<br>est\u00e9n interesados de realizar de mejor manera su rol, de poder aportar de mejor manera a la<br>construcci\u00f3n de una mejor salud y que, como sector podamos colaborar en esto\u201d, puntualiz\u00f3 la<br>trabajadora social.<br>Esta actividad constar\u00e1 de 6 sesiones en las que se expondr\u00e1n diversos temas, tales como<br>situaci\u00f3n de enfermedades de mayor prevalencia en la regi\u00f3n y el abordade desde el sistema de<br>salud, promoci\u00f3n de salud y acciones de autocuidado y automonitoreo, funcionamiento de los<br>diversos dispositivos del sector salud, entre otros.<br>Esta escuela se extender\u00e1 del 17 de julio hasta el 24 de agosto de 2024. La pr\u00f3xima sesi\u00f3n se<br>realizar\u00e1 el mi\u00e9rcoles 24 de julio a las 18.30 horas en dependencias del oratorio Jacinto Bocco,<br>ubicado en Av. General Salvo N\u00b00722, esquina Juan Blanchard, Punta Arenas.<\/p>\n","protected":false},"excerpt":{"rendered":"<p>La Uni\u00f3n Comunal de Consejos de Desarrollo de Atenci\u00f3n Primaria de Salud de Punta Arenas, conel apoyo de la Secretar\u00eda Regional Ministerial de Salud (SEREMI) y el Servicio de Salud&#8230; <a class=\"read-more\" href=\"https:\/\/www.radiopresidenteibanez.cl\/web\/escuela-de-dirigentes-en-salud-potenciando-el-liderazgo-comunitario-en-punta-arenas\/\">Leer m\u00e1s<\/a><\/p>\n","protected":false},"author":2,"featured_media":50035,"comment_status":"closed","ping_status":"closed","sticky":false,"template":"","format":"standard","meta":{"footnotes":""},"categories":[1],"tags":[],"class_list":["post-50034","post","type-post","status-publish","format-standard","has-post-thumbnail","hentry","category-cronica"],"_links":{"self":[{"href":"https:\/\/www.radiopresidenteibanez.cl\/web\/wp-json\/wp\/v2\/posts\/50034","targetHints":{"allow":["GET"]}}],"collection":[{"href":"https:\/\/www.radiopresidenteibanez.cl\/web\/wp-json\/wp\/v2\/posts"}],"about":[{"href":"https:\/\/www.radiopresidenteibanez.cl\/web\/wp-json\/wp\/v2\/types\/post"}],"author":[{"embeddable":true,"href":"https:\/\/www.radiopresidenteibanez.cl\/web\/wp-json\/wp\/v2\/users\/2"}],"replies":[{"embeddable":true,"href":"https:\/\/www.radiopresidenteibanez.cl\/web\/wp-json\/wp\/v2\/comments?post=50034"}],"version-history":[{"count":0,"href":"https:\/\/www.radiopresidenteibanez.cl\/web\/wp-json\/wp\/v2\/posts\/50034\/revisions"}],"wp:featuredmedia":[{"embeddable":true,"href":"https:\/\/www.radiopresidenteibanez.cl\/web\/wp-json\/wp\/v2\/media\/50035"}],"wp:attachment":[{"href":"https:\/\/www.radiopresidenteibanez.cl\/web\/wp-json\/wp\/v2\/media?parent=50034"}],"wp:term":[{"taxonomy":"category","embeddable":true,"href":"https:\/\/www.radiopresidenteibanez.cl\/web\/wp-json\/wp\/v2\/categories?post=50034"},{"taxonomy":"post_tag","embeddable":true,"href":"https:\/\/www.radiopresidenteibanez.cl\/web\/wp-json\/wp\/v2\/tags?post=50034"}],"curies":[{"name":"wp","href":"https:\/\/api.w.org\/{rel}","templated":true}]}}