{"id":50031,"date":"2024-07-24T11:16:36","date_gmt":"2024-07-24T14:16:36","guid":{"rendered":"https:\/\/www.radiopresidenteibanez.cl\/web\/?p=50031"},"modified":"2024-07-24T11:16:41","modified_gmt":"2024-07-24T14:16:41","slug":"partido-socialista-de-chile-comunal-porvenir-fija-posiciones-ante-proximas-elecciones-de-octubre","status":"publish","type":"post","link":"https:\/\/www.radiopresidenteibanez.cl\/web\/partido-socialista-de-chile-comunal-porvenir-fija-posiciones-ante-proximas-elecciones-de-octubre\/","title":{"rendered":"PARTIDO SOCIALISTA DE CHILE, COMUNAL PORVENIR FIJA POSICIONES ANTE PROXIMAS ELECCIONES DE OCTUBRE"},"content":{"rendered":"\n<p>El Partido Socialista de Chile, Comunal Porvenir tiene una historia en nuestra Comuna de<br>seriedad, de respetar su compromiso y respetar los acuerdos adoptados por nuestra<br>colectividad, a trav\u00e9s de sus conductos regulares y democr\u00e1ticos.<br>Es por esto que, para las futuras elecciones de Alcaldes, Cores y Concejales, nuestro<br>partido y nuestros compa\u00f1eros y compa\u00f1eras respetaremos el acuerdo nacional adoptado<br>en enero del presente a\u00f1o, acuerdo suscrito por todos los partidos de centro izquierda e<br>izquierda del Pa\u00eds.<br>En este sentido planteamos claramente que en la Comuna de Porvenir apoyaremos la<br>reelecci\u00f3n del actual Alcalde, Gabriel Parada Aguilar. Nos consta de su buena gesti\u00f3n y<br>estamos convencidos que en los cuatro a\u00f1os que vendr\u00e1n, nuestra Comuna, de la mano<br>de su gesti\u00f3n, tendr\u00e1 un importante desarrollo.<br>De igual forma trabajaremos para volver a tener un representante en el Core a trav\u00e9s de<br>nuestro Candidato Jorge Fierro Andrade y a tener nuevamente representaci\u00f3n en el<br>Concejo Comunal a trav\u00e9s de nuestros Candidatos a Concejala Edhit de los \u00c1ngeles<br>Carrasco Mu\u00f1oz y Concejal Carlos Duarht D\u00edaz.<br>Llamamos a nuestros y nuestras militantes y simpatizantes a sumarse a la campa\u00f1a que<br>pr\u00f3ximamente daremos comienzo en conjunto con todas las fuerzas pol\u00edticas y sociales<br>que apoyamos a nuestro Candidato \u00danico a Alcalde y a nuestros candidatos y candidatas a<br>las instancias locales y regionales<\/p>\n\n\n\n<p>Partido Socialista de Chile<br>Comunal Porvenir<\/p>\n","protected":false},"excerpt":{"rendered":"<p>El Partido Socialista de Chile, Comunal Porvenir tiene una historia en nuestra Comuna deseriedad, de respetar su compromiso y respetar los acuerdos adoptados por nuestracolectividad, a trav\u00e9s de sus conductos&#8230; <a class=\"read-more\" href=\"https:\/\/www.radiopresidenteibanez.cl\/web\/partido-socialista-de-chile-comunal-porvenir-fija-posiciones-ante-proximas-elecciones-de-octubre\/\">Leer m\u00e1s<\/a><\/p>\n","protected":false},"author":2,"featured_media":50032,"comment_status":"closed","ping_status":"closed","sticky":false,"template":"","format":"standard","meta":{"footnotes":""},"categories":[1],"tags":[],"class_list":["post-50031","post","type-post","status-publish","format-standard","has-post-thumbnail","hentry","category-cronica"],"_links":{"self":[{"href":"https:\/\/www.radiopresidenteibanez.cl\/web\/wp-json\/wp\/v2\/posts\/50031","targetHints":{"allow":["GET"]}}],"collection":[{"href":"https:\/\/www.radiopresidenteibanez.cl\/web\/wp-json\/wp\/v2\/posts"}],"about":[{"href":"https:\/\/www.radiopresidenteibanez.cl\/web\/wp-json\/wp\/v2\/types\/post"}],"author":[{"embeddable":true,"href":"https:\/\/www.radiopresidenteibanez.cl\/web\/wp-json\/wp\/v2\/users\/2"}],"replies":[{"embeddable":true,"href":"https:\/\/www.radiopresidenteibanez.cl\/web\/wp-json\/wp\/v2\/comments?post=50031"}],"version-history":[{"count":0,"href":"https:\/\/www.radiopresidenteibanez.cl\/web\/wp-json\/wp\/v2\/posts\/50031\/revisions"}],"wp:featuredmedia":[{"embeddable":true,"href":"https:\/\/www.radiopresidenteibanez.cl\/web\/wp-json\/wp\/v2\/media\/50032"}],"wp:attachment":[{"href":"https:\/\/www.radiopresidenteibanez.cl\/web\/wp-json\/wp\/v2\/media?parent=50031"}],"wp:term":[{"taxonomy":"category","embeddable":true,"href":"https:\/\/www.radiopresidenteibanez.cl\/web\/wp-json\/wp\/v2\/categories?post=50031"},{"taxonomy":"post_tag","embeddable":true,"href":"https:\/\/www.radiopresidenteibanez.cl\/web\/wp-json\/wp\/v2\/tags?post=50031"}],"curies":[{"name":"wp","href":"https:\/\/api.w.org\/{rel}","templated":true}]}}