{"id":5003,"date":"2019-06-12T19:33:45","date_gmt":"2019-06-12T19:33:45","guid":{"rendered":"http:\/\/www.radiopresidenteibanez.cl\/web\/?p=5003"},"modified":"2019-06-12T19:34:22","modified_gmt":"2019-06-12T19:34:22","slug":"bakkavor-chile-s-a-se-une-a-la-escuela-bernardo-ohiggins-para-realizar-limpieza-del-sector-costero-de-porvenir","status":"publish","type":"post","link":"https:\/\/www.radiopresidenteibanez.cl\/web\/bakkavor-chile-s-a-se-une-a-la-escuela-bernardo-ohiggins-para-realizar-limpieza-del-sector-costero-de-porvenir\/","title":{"rendered":"BAKKAVOR CHILE S.A SE UNE A LA ESCUELA BERNARDO O\u00b4HIGGINS PARA REALIZAR LIMPIEZA DEL SECTOR COSTERO DE PORVENIR"},"content":{"rendered":"\n<p>Bakkavor Chile\nS.A junto a los Alumnos, Director y Profesores se unieron para realizar la\nlimpieza del sector costero de la Ciudad de Porvenir con la intenci\u00f3n de\ncontribuir a la mejora del Medio Ambiente, aportando a tener una ciudad m\u00e1s\nlimpia. <\/p>\n\n\n\n<p>La actividad\ncont\u00f3 con el apoyo de Carabineros de Chile en el Orden y Seguridad; Instituto\nde Seguridad del Trabajo (IST) colaborando con su personal m\u00e9dico y ambulancia\nen caso de requerir primeros auxilios; Ilustre Municipalidad de Porvenir en el\nretiro de la basura recolectada; Escuela Bernardo O\u00b4Higgins con la\nparticipaci\u00f3n de 250 personas (Director, Profesores y Alumnos) y personal de\nBakkavor Chile S.A qui\u00e9nes realizan la actividad de recolecci\u00f3n. <\/p>\n\n\n\n<p>El objetivo de unirnos a la Escuela Bernardo O\u00b4Higgins de Porvenir, Tierra del Fuego, fue principalmente fomentar en las ni\u00f1as, ni\u00f1os y adolescentes La Educaci\u00f3n, Respeto y el Cuidado de nuestro Medio Ambiente para tener un planeta vivo en nuestras futuras generaciones, expres\u00f3 M\u00f3nica C\u00e1rdenas Castro, Administradora de Planta. <\/p>\n\n\n\n<figure class=\"wp-block-image\"><img loading=\"lazy\" decoding=\"async\" width=\"900\" height=\"675\" src=\"https:\/\/www.radiopresidenteibanez.cl\/web\/wp-content\/uploads\/2019\/06\/Bakkavor-DSC04598.jpg\" alt=\"\" class=\"wp-image-5004\" srcset=\"https:\/\/www.radiopresidenteibanez.cl\/web\/wp-content\/uploads\/2019\/06\/Bakkavor-DSC04598.jpg 900w, https:\/\/www.radiopresidenteibanez.cl\/web\/wp-content\/uploads\/2019\/06\/Bakkavor-DSC04598-300x225.jpg 300w, https:\/\/www.radiopresidenteibanez.cl\/web\/wp-content\/uploads\/2019\/06\/Bakkavor-DSC04598-768x576.jpg 768w\" sizes=\"auto, (max-width: 900px) 100vw, 900px\" \/><\/figure>\n","protected":false},"excerpt":{"rendered":"<p>Bakkavor Chile S.A junto a los Alumnos, Director y Profesores se unieron para realizar la limpieza del sector costero de la Ciudad de Porvenir con la intenci\u00f3n de contribuir a&#8230; <a class=\"read-more\" href=\"https:\/\/www.radiopresidenteibanez.cl\/web\/bakkavor-chile-s-a-se-une-a-la-escuela-bernardo-ohiggins-para-realizar-limpieza-del-sector-costero-de-porvenir\/\">Leer m\u00e1s<\/a><\/p>\n","protected":false},"author":2,"featured_media":5004,"comment_status":"closed","ping_status":"closed","sticky":false,"template":"","format":"standard","meta":{"footnotes":""},"categories":[1],"tags":[],"class_list":["post-5003","post","type-post","status-publish","format-standard","has-post-thumbnail","hentry","category-cronica"],"_links":{"self":[{"href":"https:\/\/www.radiopresidenteibanez.cl\/web\/wp-json\/wp\/v2\/posts\/5003","targetHints":{"allow":["GET"]}}],"collection":[{"href":"https:\/\/www.radiopresidenteibanez.cl\/web\/wp-json\/wp\/v2\/posts"}],"about":[{"href":"https:\/\/www.radiopresidenteibanez.cl\/web\/wp-json\/wp\/v2\/types\/post"}],"author":[{"embeddable":true,"href":"https:\/\/www.radiopresidenteibanez.cl\/web\/wp-json\/wp\/v2\/users\/2"}],"replies":[{"embeddable":true,"href":"https:\/\/www.radiopresidenteibanez.cl\/web\/wp-json\/wp\/v2\/comments?post=5003"}],"version-history":[{"count":0,"href":"https:\/\/www.radiopresidenteibanez.cl\/web\/wp-json\/wp\/v2\/posts\/5003\/revisions"}],"wp:featuredmedia":[{"embeddable":true,"href":"https:\/\/www.radiopresidenteibanez.cl\/web\/wp-json\/wp\/v2\/media\/5004"}],"wp:attachment":[{"href":"https:\/\/www.radiopresidenteibanez.cl\/web\/wp-json\/wp\/v2\/media?parent=5003"}],"wp:term":[{"taxonomy":"category","embeddable":true,"href":"https:\/\/www.radiopresidenteibanez.cl\/web\/wp-json\/wp\/v2\/categories?post=5003"},{"taxonomy":"post_tag","embeddable":true,"href":"https:\/\/www.radiopresidenteibanez.cl\/web\/wp-json\/wp\/v2\/tags?post=5003"}],"curies":[{"name":"wp","href":"https:\/\/api.w.org\/{rel}","templated":true}]}}