{"id":5000,"date":"2019-06-12T19:22:53","date_gmt":"2019-06-12T19:22:53","guid":{"rendered":"http:\/\/www.radiopresidenteibanez.cl\/web\/?p=5000"},"modified":"2019-06-12T19:23:06","modified_gmt":"2019-06-12T19:23:06","slug":"tour-de-visual-thinking-tendencia-mundial-de-transformar-ideas-en-dibujos-llega-a-punta-arenas","status":"publish","type":"post","link":"https:\/\/www.radiopresidenteibanez.cl\/web\/tour-de-visual-thinking-tendencia-mundial-de-transformar-ideas-en-dibujos-llega-a-punta-arenas\/","title":{"rendered":"\u201cTOUR DE VISUAL THINKING\u201d: TENDENCIA MUNDIAL DE TRANSFORMAR IDEAS EN DIBUJOS LLEGA A PUNTA ARENAS"},"content":{"rendered":"\n<p>Kristinne Neckelmann, la principal exponente en Chile de esta disciplina,\nquien lleva alrededor de tres a\u00f1os impartiendo talleres, charlas y seminarios a\ngrandes empresas, instituciones p\u00fablicas y privadas y a todo aquel que quiera\nadentrarse en el interesante mundo del Visual Thinking, llega a Punta Arenas el\npr\u00f3ximo jueves 13 de junio para dar una charla abierta y gratuita al p\u00fablico en\nel auditorio del Instituto Nacional Ant\u00e1rtico (Inach), a las 11 horas. <\/p>\n\n\n\n<p>La charla denominada, \u201cResolver Problemas usando Visual Thinking\u201d, es una\nintroducci\u00f3n a esta t\u00e9cnica que se cre\u00f3 como una forma de poder lidiar con\nideas m\u00e1s complejas de explicar que s\u00f3lo con texto. \u201cVisualizando la informaci\u00f3n\npuedes hacer de este proceso algo m\u00e1s entretenido, lo que te va a permitir\nconectar, comunicar y recordar la informaci\u00f3n\u201d, explic\u00f3 Neckelmann. <\/p>\n\n\n\n<p>\u201cEl <em>Visual Thinking<\/em> evita los\ndesencuentros entre las personas debido a que cada uno, al leer la informaci\u00f3n\nextendida en un documento, internaliza y procesa la informaci\u00f3n de manera\nparticular, pero al hacerlo as\u00ed, de forma gr\u00e1fica, vali\u00e9ndose de s\u00edmbolos,\nflechas, dibujos y palabras, todos llegan al consenso y el mensaje es\ntransmitido tal cual se quer\u00eda difundir\u201d, se explay\u00f3 la experta, que es\nperiodista de profesi\u00f3n.<\/p>\n\n\n\n<p>El pensamiento visual<em>, <\/em>es cada\nd\u00eda una de las t\u00e9cnicas de aprendizaje y organizaci\u00f3n de informaci\u00f3n, m\u00e1s\nrequerida y practicada a nivel mundial en directorios de grandes empresas, en\nel \u00e1mbito acad\u00e9mico, en general, y para las ciencias, entre otras \u00e1reas donde\nsu uso ha mejorado significativamente el rendimiento y la productividad de\ntodos.<\/p>\n\n\n\n<p>Cabe se\u00f1alar que la actividad es patrocinada por el Colegio Regional de\nPeriodistas de Magallanes. Su presidente, Cristi\u00e1n Morales, extiende la\ninvitaci\u00f3n a participar del evento a toda la comunidad. \u201cEs una muy buena\noportunidad de aprender esta interesante t\u00e9cnica que es tendencia mundial y que\nhoy gracias a diversas gestiones, estar\u00e1 en Punta Arenas\u201d.<\/p>\n\n\n\n<p>Adem\u00e1s de la charla, que tiene acceso liberado y abierta al p\u00fablico,\nNeckelmann realizar\u00e1 tres talleres en Punta Arenas, uno de ellos el mismo\njueves 13 a las 18 horas en &nbsp;Nomadesk y\ndos m\u00e1s, el d\u00eda s\u00e1bado 15 de junio en el Hotel Diego de Almagro, a las 10 y a\nlas 15 horas.<\/p>\n\n\n\n<p>Para mayor informaci\u00f3n de la charla y los talleres puede visitar la p\u00e1gina web: <a href=\"http:\/\/www.meridional.org\">www.meridional.org<\/a> , seguir sus eventos en la p\u00e1gina de Facebook de Meridional Comunicaciones o escribir al correo: <a href=\"mailto:contacto@meridional.org\">contacto@meridional.org<\/a>.<\/p>\n\n\n\n<figure class=\"wp-block-image\"><img loading=\"lazy\" decoding=\"async\" width=\"900\" height=\"437\" src=\"https:\/\/www.radiopresidenteibanez.cl\/web\/wp-content\/uploads\/2019\/06\/20190110_174647.jpg\" alt=\"\" class=\"wp-image-5001\" srcset=\"https:\/\/www.radiopresidenteibanez.cl\/web\/wp-content\/uploads\/2019\/06\/20190110_174647.jpg 900w, https:\/\/www.radiopresidenteibanez.cl\/web\/wp-content\/uploads\/2019\/06\/20190110_174647-300x146.jpg 300w, https:\/\/www.radiopresidenteibanez.cl\/web\/wp-content\/uploads\/2019\/06\/20190110_174647-768x373.jpg 768w\" sizes=\"auto, (max-width: 900px) 100vw, 900px\" \/><\/figure>\n","protected":false},"excerpt":{"rendered":"<p>Kristinne Neckelmann, la principal exponente en Chile de esta disciplina, quien lleva alrededor de tres a\u00f1os impartiendo talleres, charlas y seminarios a grandes empresas, instituciones p\u00fablicas y privadas y a&#8230; <a class=\"read-more\" href=\"https:\/\/www.radiopresidenteibanez.cl\/web\/tour-de-visual-thinking-tendencia-mundial-de-transformar-ideas-en-dibujos-llega-a-punta-arenas\/\">Leer m\u00e1s<\/a><\/p>\n","protected":false},"author":2,"featured_media":5001,"comment_status":"closed","ping_status":"closed","sticky":false,"template":"","format":"standard","meta":{"footnotes":""},"categories":[1],"tags":[],"class_list":["post-5000","post","type-post","status-publish","format-standard","has-post-thumbnail","hentry","category-cronica"],"_links":{"self":[{"href":"https:\/\/www.radiopresidenteibanez.cl\/web\/wp-json\/wp\/v2\/posts\/5000","targetHints":{"allow":["GET"]}}],"collection":[{"href":"https:\/\/www.radiopresidenteibanez.cl\/web\/wp-json\/wp\/v2\/posts"}],"about":[{"href":"https:\/\/www.radiopresidenteibanez.cl\/web\/wp-json\/wp\/v2\/types\/post"}],"author":[{"embeddable":true,"href":"https:\/\/www.radiopresidenteibanez.cl\/web\/wp-json\/wp\/v2\/users\/2"}],"replies":[{"embeddable":true,"href":"https:\/\/www.radiopresidenteibanez.cl\/web\/wp-json\/wp\/v2\/comments?post=5000"}],"version-history":[{"count":0,"href":"https:\/\/www.radiopresidenteibanez.cl\/web\/wp-json\/wp\/v2\/posts\/5000\/revisions"}],"wp:featuredmedia":[{"embeddable":true,"href":"https:\/\/www.radiopresidenteibanez.cl\/web\/wp-json\/wp\/v2\/media\/5001"}],"wp:attachment":[{"href":"https:\/\/www.radiopresidenteibanez.cl\/web\/wp-json\/wp\/v2\/media?parent=5000"}],"wp:term":[{"taxonomy":"category","embeddable":true,"href":"https:\/\/www.radiopresidenteibanez.cl\/web\/wp-json\/wp\/v2\/categories?post=5000"},{"taxonomy":"post_tag","embeddable":true,"href":"https:\/\/www.radiopresidenteibanez.cl\/web\/wp-json\/wp\/v2\/tags?post=5000"}],"curies":[{"name":"wp","href":"https:\/\/api.w.org\/{rel}","templated":true}]}}