{"id":49969,"date":"2024-07-22T16:32:00","date_gmt":"2024-07-22T19:32:00","guid":{"rendered":"https:\/\/www.radiopresidenteibanez.cl\/web\/?p=49969"},"modified":"2024-07-22T11:28:22","modified_gmt":"2024-07-22T14:28:22","slug":"kusanovic-critica-la-representacion-en-la-comision-regional-del-uso-de-borde-costero-y-llamo-a-aprovechar-las-ventajas-comparativas-de-la-region","status":"publish","type":"post","link":"https:\/\/www.radiopresidenteibanez.cl\/web\/kusanovic-critica-la-representacion-en-la-comision-regional-del-uso-de-borde-costero-y-llamo-a-aprovechar-las-ventajas-comparativas-de-la-region\/","title":{"rendered":"KUSANOVIC CRITICA LA REPRESENTACION EN LA COMISION REGIONAL DEL USO DE BORDE COSTERO Y LLAMO A APROVECHAR LAS VENTAJAS COMPARATIVAS DE LA REGION"},"content":{"rendered":"\n<p>El pasado viernes 12 de julio se constituy\u00f3 la Comisi\u00f3n Regional del Uso de Borde Costero (CRUBC), encargada de la toma de acuerdos y decisiones en torno al borde costero de Magallanes, retomando su trabajo luego de 9 a\u00f1os, desde que sesionar\u00e1 por \u00faltima vez en el a\u00f1o 2015. Instancia donde fueron presentados los proyectos portuarios de las empresas desarrolladoras de hidrogeno verde Teg y HNH, y la solicitud de Espacios Costeros Mar\u00edtimos de Pueblos Originarios (ECMPO), requerida por una de las agrupaciones kaw\u00e9sqar, pidiendo m\u00e1s de 24 mil hect\u00e1reas en el sector del golfo Almirante Montt, frente a la comuna de Natales, zona donde actualmente existen concesiones acu\u00edcolas y que pondr\u00edan en serio riesgo las operaciones de la pesca artesanal y la salmonicultura.<br>En relaci\u00f3n al trabajo de la CRUBC, el senador Alejandro Kusanovic, valor\u00f3 que se haya retomado esta instancia, sin embargo, cuestion\u00f3 los temas que est\u00e1n priorizando y la falta de una mayor<br>representaci\u00f3n de los sectores productivos, como en el caso del turismo, respecto del cual manifest\u00f3 que \u201cse ha preferido a gremios m\u00e1s cercanos al Gobernador y a su sector, en lugar de representantes mayoritarios del turismo regional, como AustroChile o la C\u00e1mara de Turismo de \u00daltima Esperanza\u201d.<br>El parlamentario enfatiz\u00f3 la importancia de priorizar los temas que se tratan en la Comisi\u00f3n, en funci\u00f3n de las necesidades de desarrollo de Magallanes y su borde costero, indicando que \u201cpareciera que al Gobernador solo le interesa el hidr\u00f3geno verde, olvidando las industrias que actualmente son fundamentales para la regi\u00f3n y que se encuentran abandonadas bajo su gesti\u00f3n, como la salmonicultura y el turismo\u201d. Kusanovic, aclaro que no est\u00e1 en contra de atraer nuevas industrias a la regi\u00f3n, pero considera que no hay que centrar todos los esfuerzos en un solo tema, aclarando que \u201ces una apuesta tecnol\u00f3gica y financiera que todav\u00eda es especulativa y no est\u00e1 resuelta, es decir, es impredecible. Hoy compite con el desarrollo de otras energ\u00edas limpias, como la fusi\u00f3n nuclear, que avanza r\u00e1pidamente\u201d.<br>En cuanto a los desaf\u00edos del desarrollo productivo asociado al borde costero, el senador destaco la<br>necesidad de alinearla con la matriz productiva existente en la regi\u00f3n, especialmente con aquellas<br>industrias que hoy est\u00e1n aportando al PIB regional y no asfixiarlas porque ciertos sectores est\u00e1n en su contra: \u201cest\u00e1n perjudicando a la regi\u00f3n, el a\u00f1o pasado las exportaciones disminuyeron en un 12,4% y para revertirlo es necesario aumentar el n\u00famero de concesiones acu\u00edcolas que impulsen el desarrollo del borde costero, utilizando la mejor tecnolog\u00eda disponible y planificar la creaci\u00f3n de nuevas concesiones\u201d detallo.<br>En este sentido, el legislador acusa una falta de visi\u00f3n, \u201cno veo la creaci\u00f3n de zonas dedicadas a la<br>investigaci\u00f3n o el inter\u00e9s de la Universidad de Magallanes por avanzar en proyectos que aprovechen las ventajas comparativas de la regi\u00f3n, como la siembra de centollas, erizos, choritos u ostiones en fiordos y canales. Esto es fundamental, hay que prestarle mayor atenci\u00f3n a esto y menos al aleteo de las moscas en la Ant\u00e1rtica\u00bb, concluye Kusanovic.<\/p>\n","protected":false},"excerpt":{"rendered":"<p>El pasado viernes 12 de julio se constituy\u00f3 la Comisi\u00f3n Regional del Uso de Borde Costero (CRUBC), encargada de la toma de acuerdos y decisiones en torno al borde costero&#8230; <a class=\"read-more\" href=\"https:\/\/www.radiopresidenteibanez.cl\/web\/kusanovic-critica-la-representacion-en-la-comision-regional-del-uso-de-borde-costero-y-llamo-a-aprovechar-las-ventajas-comparativas-de-la-region\/\">Leer m\u00e1s<\/a><\/p>\n","protected":false},"author":2,"featured_media":49970,"comment_status":"closed","ping_status":"closed","sticky":false,"template":"","format":"standard","meta":{"footnotes":""},"categories":[1],"tags":[],"class_list":["post-49969","post","type-post","status-publish","format-standard","has-post-thumbnail","hentry","category-cronica"],"_links":{"self":[{"href":"https:\/\/www.radiopresidenteibanez.cl\/web\/wp-json\/wp\/v2\/posts\/49969","targetHints":{"allow":["GET"]}}],"collection":[{"href":"https:\/\/www.radiopresidenteibanez.cl\/web\/wp-json\/wp\/v2\/posts"}],"about":[{"href":"https:\/\/www.radiopresidenteibanez.cl\/web\/wp-json\/wp\/v2\/types\/post"}],"author":[{"embeddable":true,"href":"https:\/\/www.radiopresidenteibanez.cl\/web\/wp-json\/wp\/v2\/users\/2"}],"replies":[{"embeddable":true,"href":"https:\/\/www.radiopresidenteibanez.cl\/web\/wp-json\/wp\/v2\/comments?post=49969"}],"version-history":[{"count":0,"href":"https:\/\/www.radiopresidenteibanez.cl\/web\/wp-json\/wp\/v2\/posts\/49969\/revisions"}],"wp:featuredmedia":[{"embeddable":true,"href":"https:\/\/www.radiopresidenteibanez.cl\/web\/wp-json\/wp\/v2\/media\/49970"}],"wp:attachment":[{"href":"https:\/\/www.radiopresidenteibanez.cl\/web\/wp-json\/wp\/v2\/media?parent=49969"}],"wp:term":[{"taxonomy":"category","embeddable":true,"href":"https:\/\/www.radiopresidenteibanez.cl\/web\/wp-json\/wp\/v2\/categories?post=49969"},{"taxonomy":"post_tag","embeddable":true,"href":"https:\/\/www.radiopresidenteibanez.cl\/web\/wp-json\/wp\/v2\/tags?post=49969"}],"curies":[{"name":"wp","href":"https:\/\/api.w.org\/{rel}","templated":true}]}}