{"id":49966,"date":"2024-07-22T15:18:00","date_gmt":"2024-07-22T18:18:00","guid":{"rendered":"https:\/\/www.radiopresidenteibanez.cl\/web\/?p=49966"},"modified":"2024-07-22T11:19:13","modified_gmt":"2024-07-22T14:19:13","slug":"na-ma-que-me-gusta-la-comia-que-me-cocina-na-ma-que-gusta-la-cafe-que-ella-me-cuela-compay-segundo","status":"publish","type":"post","link":"https:\/\/www.radiopresidenteibanez.cl\/web\/na-ma-que-me-gusta-la-comia-que-me-cocina-na-ma-que-gusta-la-cafe-que-ella-me-cuela-compay-segundo\/","title":{"rendered":"Na ma que me gusta la com\u00eda que me cocina na ma que gusta la caf\u00e9 que ella me cuela ..\u00bb Compay Segundo"},"content":{"rendered":"\n<p>La convicci\u00f3n y la perseverancia son elementos, entre otros igual de importantes, que deben guiar el accionar de un sindicato.<br>Ni cuando las cosas se ven muy mal o sin salida se debe perder la certeza de que estamos actuando en forma correcta y pedimos lo que nos merecemos.<br>La negociaci\u00f3n colectiva en el sindicato FIDE XII de Punta Arenas estuvo sin avanzar un paso durante 50 d\u00edas.<br>Ni siquiera la informaci\u00f3n incorrecta de la Prensa Austral &#8211; un diario poco objetivo de la ciudad al menos para informar sobre esta negociaci\u00f3n &#8211; sac\u00f3 a los dirigentes del camino trazado. Conscientes de que quedaba poco tiempo se pidi\u00f3 la mediaci\u00f3n obligatoria y se comenzaron a tomar las medidas para activar la huelga si es que se hac\u00eda imprescindible.<br>Despu\u00e9s de 50 d\u00edas la empresa se sent\u00f3 a negociar.<\/p>\n\n\n\n<p>2.- Cuesta entender c\u00f3mo sobreviven nuestros compa\u00f1eros en Punta Arenas, sobre todo aquellos que ganan el ingreso m\u00ednimo. De la misma manera cuesta imaginarse c\u00f3mo se har\u00e1 efectiva una huelga con nieve, lluvia y fr\u00edo.<br>Y sin embargo ambas cosas se hacen posible y es que son trabajadoras y trabajadores claros de su rol y de la justeza de sus demandas.<br>Por eso se debe saludar el reajuste alcanzado por los compas de FIDE XII que ser\u00e1 de 7% despu\u00e9s de la actualizaci\u00f3n del ingreso m\u00ednimo de julio, adem\u00e1s de reajuste semestral seg\u00fan IPC, aguinaldos, aumento en colaci\u00f3n y movilizaci\u00f3n, indemnizaci\u00f3n voluntaria por fallecimiento del trabajador, d\u00edas administrativos y el no descuento del aporte patronal al seguro de cesant\u00eda en la indemnizaci\u00f3n, entre otros.<br>Logros silenciados por la Prensa Austral pero que han dejado claro a los trabajadores que su convicci\u00f3n derrot\u00f3 a la negaci\u00f3n.<br>Felicitaciones y que sirva de ejemplo.<\/p>\n","protected":false},"excerpt":{"rendered":"<p>La convicci\u00f3n y la perseverancia son elementos, entre otros igual de importantes, que deben guiar el accionar de un sindicato.Ni cuando las cosas se ven muy mal o sin salida&#8230; <a class=\"read-more\" href=\"https:\/\/www.radiopresidenteibanez.cl\/web\/na-ma-que-me-gusta-la-comia-que-me-cocina-na-ma-que-gusta-la-cafe-que-ella-me-cuela-compay-segundo\/\">Leer m\u00e1s<\/a><\/p>\n","protected":false},"author":2,"featured_media":49967,"comment_status":"closed","ping_status":"closed","sticky":false,"template":"","format":"standard","meta":{"footnotes":""},"categories":[1],"tags":[],"class_list":["post-49966","post","type-post","status-publish","format-standard","has-post-thumbnail","hentry","category-cronica"],"_links":{"self":[{"href":"https:\/\/www.radiopresidenteibanez.cl\/web\/wp-json\/wp\/v2\/posts\/49966","targetHints":{"allow":["GET"]}}],"collection":[{"href":"https:\/\/www.radiopresidenteibanez.cl\/web\/wp-json\/wp\/v2\/posts"}],"about":[{"href":"https:\/\/www.radiopresidenteibanez.cl\/web\/wp-json\/wp\/v2\/types\/post"}],"author":[{"embeddable":true,"href":"https:\/\/www.radiopresidenteibanez.cl\/web\/wp-json\/wp\/v2\/users\/2"}],"replies":[{"embeddable":true,"href":"https:\/\/www.radiopresidenteibanez.cl\/web\/wp-json\/wp\/v2\/comments?post=49966"}],"version-history":[{"count":0,"href":"https:\/\/www.radiopresidenteibanez.cl\/web\/wp-json\/wp\/v2\/posts\/49966\/revisions"}],"wp:featuredmedia":[{"embeddable":true,"href":"https:\/\/www.radiopresidenteibanez.cl\/web\/wp-json\/wp\/v2\/media\/49967"}],"wp:attachment":[{"href":"https:\/\/www.radiopresidenteibanez.cl\/web\/wp-json\/wp\/v2\/media?parent=49966"}],"wp:term":[{"taxonomy":"category","embeddable":true,"href":"https:\/\/www.radiopresidenteibanez.cl\/web\/wp-json\/wp\/v2\/categories?post=49966"},{"taxonomy":"post_tag","embeddable":true,"href":"https:\/\/www.radiopresidenteibanez.cl\/web\/wp-json\/wp\/v2\/tags?post=49966"}],"curies":[{"name":"wp","href":"https:\/\/api.w.org\/{rel}","templated":true}]}}