{"id":49948,"date":"2024-07-22T08:29:54","date_gmt":"2024-07-22T11:29:54","guid":{"rendered":"https:\/\/www.radiopresidenteibanez.cl\/web\/?p=49948"},"modified":"2024-07-22T08:29:59","modified_gmt":"2024-07-22T11:29:59","slug":"vivir-seguros","status":"publish","type":"post","link":"https:\/\/www.radiopresidenteibanez.cl\/web\/vivir-seguros\/","title":{"rendered":"VIVIR SEGUROS"},"content":{"rendered":"\n<p>Esta semana qued\u00f3 marcada por los temas de seguridad, una seguidilla de<br>homicidios ocurrida en un lapso de cinco d\u00edas, cobr\u00f3 la vida a quince personas en<br>la regi\u00f3n metropolitana. La brutalidad de los hechos, dej\u00f3 impactado al pa\u00eds<br>entero. La pauta de los matinales y los noticieros, redoblaron el espacio dedicado<br>a la cr\u00f3nica roja, ya de por s\u00ed bastante extensa. Los hechos sorprendieron al<br>presidente de la rep\u00fablica Gabriel Boric, en visita de estado en la rep\u00fablica del<br>Paraguay, por lo que le correspondi\u00f3 a la ministra del interior, Carolina Toh\u00e1,<br>liderar como vicepresidenta la respuesta de los organismos del estado a esta<br>nueva crisis. Dentro de las medidas anunciadas, se considera implementar un plan<br>con cinco acciones para enfrentar crisis de seguridad que afecta a la Regi\u00f3n<br>Metropolitana. La primera acci\u00f3n es constituir de forma inmediata, una fuerza de<br>tarea conjunta de Carabineros y la PDI, con apoyo de la fiscal\u00eda, para aunar las<br>capacidades de inteligencia, la informaci\u00f3n disponible sobre la regi\u00f3n, y del<br>comportamiento criminal de los lugares de mayor riesgo, y abordarlos con una<br>estrategia conjunta. La segunda acci\u00f3n, ser\u00e1 el reforzamiento de dotaciones<br>policiales. Para el caso de Carabineros de Chile, esto implicar\u00e1 tanto la<br>destinaci\u00f3n de funcionarios reci\u00e9n egresados, como el reordenamiento de las<br>fuerzas operativas de la Regi\u00f3n Metropolitana. Se trabajar\u00e1 con el foco en los<br>delitos violentos, las armas, las bandas, tanto de crimen organizado sofisticado<br>como bandas comunes. En tercer lugar, se va a modificar la actividad de las<br>comisar\u00edas y cuarteles policiales en la regi\u00f3n, esto permitir\u00e1 liberar para labores<br>operativas, personal dedicado hoy a tareas registrales o administrativas. La cuarta<br>acci\u00f3n ser\u00e1 el reforzamiento del trabajo de la PDI, para mejorar las capacidades<br>de control de armas en las calles, se reforzar\u00e1 el programa Micro tr\u00e1fico Cero, y el<br>trabajo en la frontera. La quinta acci\u00f3n ser\u00e1 el reforzamiento de los Equipos de<br>Crimen Organizado y Homicidios (ECOH) de la Fiscal\u00eda, se dispondr\u00e1 de mayores<br>recursos para investigar, tambi\u00e9n delitos que hoy no est\u00e1n cubiertos por las<br>unidades ECOH, especialmente la investigaci\u00f3n de bandas criminales.<br>A su regreso a Chile, el presidente Boric, dispuso la discusi\u00f3n con suma<br>urgencia de los proyectos de infraestructura cr\u00edtica y ministerio de seguridad,<br>asimismo inform\u00f3 la creaci\u00f3n de una fuerza de tarea especializada, integrada por<br>el Ministerio del Interior y Seguridad P\u00fablica, Carabineros de Chile, PDI, Ministerio<br>P\u00fablico, la Asociaci\u00f3n Nacional de Inteligencia (ANI), Gendarmer\u00eda de Chile, y que<br>ser\u00e1 coordinada por el Delegado Presidencial de la regi\u00f3n Metropolitana. Quiz\u00e1s la<br>medida que provoc\u00f3 mayor revuelo, fue el anuncio presidencial de la construcci\u00f3n<br>de nueva c\u00e1rcel de m\u00e1xima seguridad. El penal contar\u00e1 con el est\u00e1ndar de los<br>pa\u00edses desarrollados, para que cumplan condenas delincuentes de alta<br>peligrosidad, como los l\u00edderes de bandas criminales. Se anunci\u00f3 que esta nueva<br>c\u00e1rcel aumentar\u00e1 en 500 los cupos, para este tipo de reos, y se emplazar\u00e1 dentro<br>de la regi\u00f3n metropolitana. El presidente anunci\u00f3 tambi\u00e9n, que presentar\u00eda una<br>reforma legislativa, para que la construcci\u00f3n de la c\u00e1rcel de m\u00e1xima seguridad,<\/p>\n\n\n\n<p>quede exenta de la obtenci\u00f3n de algunos permisos administrativos, a objeto de<br>que se pueda agilizar su construcci\u00f3n.<br>Para dimensionar en base a datos y evidencia, el tema de la seguridad,<br>consult\u00e9 la p\u00e1gina de la subsecretar\u00eda de prevenci\u00f3n del delito, en espec\u00edfico<br>estudios efectuados por el Centro de Documentaci\u00f3n y An\u00e1lisis del delito. En su<br>informe de Casos policiales y personas aprehendidas por delitos de mayor<br>connotaci\u00f3n social (DMCS) del primer trimestre de 2024, se establece que la tasa<br>de casos policiales de Delitos de Mayor Connotaci\u00f3n Social cada cien mil<br>habitantes, informados por ambas polic\u00edas durante el primer trimestre del a\u00f1o<br>2024, present\u00f3 una disminuci\u00f3n de -3,9% respecto del primer trimestre a\u00f1o 2023 y<br>una reducci\u00f3n de -14,6% respecto del primer trimestre del a\u00f1o 2019 (a\u00f1o sin<br>pandemia).<br>Respecto del primer trimestre 2023, la tasa de denuncias cada cien mil<br>habitantes registr\u00f3 una disminuci\u00f3n de -3,2%, mientras que la tasa de detenciones<br>disminuy\u00f3 en -8,3%.<br>Respecto del primer trimestre 2023, 10 de los 12 grupos delictuales<br>registraron disminuciones en la tasa de casos policiales cada cien mil habitantes.<br>Las mayores corresponden a: violaci\u00f3n (-19,1%), robos con fuerza (-14,2%) y robo<br>en lugar no habitado (-11,3%). En contraste, solo se registraron aumentos en<br>robos por sorpresa (12,3%) y lesiones leves (1,8%).<br>Respecto del primer trimestre 2023, 14 de las 16 de las regiones<br>presentaron disminuciones en la tasa de DMCS cada cien mil habitantes. Las<br>regiones que registraron las mayores disminuciones son: Tarapac\u00e1 (-14,5%),<br>Antofagasta (-10,9%) y la Regi\u00f3n de Atacama (-10,8%). Solo la regi\u00f3n de<br>Magallanes registr\u00f3 un aumento en su tasa de 1,9%.<br>Contra lo que dicen los matinales y los noticiarios nacionales, las cifras de<br>delincuencia, arrojan disminuciones ostensibles en todo el pa\u00eds. El caso ocurrido<br>en la regi\u00f3n metropolitana, principal mercado para la mafia narco, impacta<br>seriamente, y es un desaf\u00edo a nuestro estado de derecho. El discurso facilista aqu\u00ed<br>ser\u00eda quedarnos s\u00f3lo con lo que nos dicen las estad\u00edsticas, el trabajo de las<br>polic\u00edas y la fiscal\u00eda est\u00e1 surtiendo efecto. Pero no estamos en Chile para<br>conformarnos con poco, y la ostentaci\u00f3n de poder de fuego, que hacen los narcos<br>en la capital del pa\u00eds, obliga a todos los poderes del estado a coordinar acciones.<br>Algunos (as) pol\u00edticos (as) hacen su negocio, culpando al gobierno, con ojitos<br>blancos mirando a los cielos. Pero es un aprovechamiento espurio, e in\u00fatil, Con<br>elecciones en ciernes, todos los problemas no resueltos ahora, rebotar\u00e1n a las<br>autoridades siguientes. A la actual administraci\u00f3n le ha costado l\u00e1grimas de<br>diverso tama\u00f1o, el mea culpa por los arrebatos adolescentes pasados. La<br>satanizaci\u00f3n de la pol\u00edtica de los acuerdos, los reproches morales a las<br>generaciones precedentes, tres a\u00f1os despu\u00e9s son cosa olvidada. Y enhorabuena<br>que as\u00ed sea, porque son precisamente altos ejecutivos de gobierno, de la otrora<\/p>\n\n\n\n<p>vilipendiada centro izquierda, quienes tendr\u00e1n que buscar los votos para aprobar<br>la agenda de seguridad.<br>Los datos del Centro de documentaci\u00f3n y an\u00e1lisis del delito, indican que estamos<br>muy lejos de un \u201cestado fallido\u201d, como pregonaban pol\u00edticos populistas esta<br>semana. Sin embargo, la ocurrencia de sucesivos asesinatos en la capital del<br>pa\u00eds, obligan a tomar medidas excepcionales. Ninguna est\u00e1 descartada, inclusive<br>la aplicaci\u00f3n de un estado de excepci\u00f3n constitucional en la regi\u00f3n metropolitana.<br>El desaf\u00edo es, que gobierno, oposici\u00f3n y sociedad civil toda, se unan con el<br>prop\u00f3sito de garantizar el derecho a vivir seguros en las casas y en las calles.<br>Ojal\u00e1 que se escuche el llamado a la unidad, y se depongan las rencillas<br>partidistas, al menos hasta la pr\u00f3xima elecci\u00f3n.<\/p>\n\n\n\n<p>Ernesto Sep\u00falveda Tornero<\/p>\n","protected":false},"excerpt":{"rendered":"<p>Esta semana qued\u00f3 marcada por los temas de seguridad, una seguidilla dehomicidios ocurrida en un lapso de cinco d\u00edas, cobr\u00f3 la vida a quince personas enla regi\u00f3n metropolitana. La brutalidad&#8230; <a class=\"read-more\" href=\"https:\/\/www.radiopresidenteibanez.cl\/web\/vivir-seguros\/\">Leer m\u00e1s<\/a><\/p>\n","protected":false},"author":2,"featured_media":49949,"comment_status":"closed","ping_status":"closed","sticky":false,"template":"","format":"standard","meta":{"footnotes":""},"categories":[1],"tags":[],"class_list":["post-49948","post","type-post","status-publish","format-standard","has-post-thumbnail","hentry","category-cronica"],"_links":{"self":[{"href":"https:\/\/www.radiopresidenteibanez.cl\/web\/wp-json\/wp\/v2\/posts\/49948","targetHints":{"allow":["GET"]}}],"collection":[{"href":"https:\/\/www.radiopresidenteibanez.cl\/web\/wp-json\/wp\/v2\/posts"}],"about":[{"href":"https:\/\/www.radiopresidenteibanez.cl\/web\/wp-json\/wp\/v2\/types\/post"}],"author":[{"embeddable":true,"href":"https:\/\/www.radiopresidenteibanez.cl\/web\/wp-json\/wp\/v2\/users\/2"}],"replies":[{"embeddable":true,"href":"https:\/\/www.radiopresidenteibanez.cl\/web\/wp-json\/wp\/v2\/comments?post=49948"}],"version-history":[{"count":0,"href":"https:\/\/www.radiopresidenteibanez.cl\/web\/wp-json\/wp\/v2\/posts\/49948\/revisions"}],"wp:featuredmedia":[{"embeddable":true,"href":"https:\/\/www.radiopresidenteibanez.cl\/web\/wp-json\/wp\/v2\/media\/49949"}],"wp:attachment":[{"href":"https:\/\/www.radiopresidenteibanez.cl\/web\/wp-json\/wp\/v2\/media?parent=49948"}],"wp:term":[{"taxonomy":"category","embeddable":true,"href":"https:\/\/www.radiopresidenteibanez.cl\/web\/wp-json\/wp\/v2\/categories?post=49948"},{"taxonomy":"post_tag","embeddable":true,"href":"https:\/\/www.radiopresidenteibanez.cl\/web\/wp-json\/wp\/v2\/tags?post=49948"}],"curies":[{"name":"wp","href":"https:\/\/api.w.org\/{rel}","templated":true}]}}