{"id":49927,"date":"2024-07-19T12:43:00","date_gmt":"2024-07-19T15:43:00","guid":{"rendered":"https:\/\/www.radiopresidenteibanez.cl\/web\/?p=49927"},"modified":"2024-07-19T11:25:58","modified_gmt":"2024-07-19T14:25:58","slug":"establecimientos-de-la-junji-magallanes-retomaran-actividades-en-tres-provincias-el-martes-23-de-julio","status":"publish","type":"post","link":"https:\/\/www.radiopresidenteibanez.cl\/web\/establecimientos-de-la-junji-magallanes-retomaran-actividades-en-tres-provincias-el-martes-23-de-julio\/","title":{"rendered":"ESTABLECIMIENTOS DE LA JUNJI MAGALLANES RETOMAR\u00c1N ACTIVIDADES, EN TRES PROVINCIAS, EL MARTES 23 DE JULIO"},"content":{"rendered":"\n<p>El segundo semestre 2024 empezar\u00e1 con actividades pedag\u00f3gicas el martes 23 de julio en las provincias de Magallanes, \u00daltima Esperanza y Tierra del Fuego, en los recintos administrados directamente por la Junta Nacional de Jardines Infantiles (Junji), lo que comprende las comunas de Punta Arenas, Puerto Natales, Porvenir y Torres del Paine. S\u00f3lo los recintos \u201cUkika\u201d y \u201cT\u00e1nana\u201d de Puerto Williams, retoman sus actividades pedag\u00f3gicas el lunes 22.<\/p>\n\n\n\n<p>La raz\u00f3n es la realizaci\u00f3n de una capacitaci\u00f3n a los equipos institucionales, la que se desarrollar\u00e1 en los primeros territorios el lunes y en la comuna de Cabo de Hornos, el viernes 26 del presente mes.<\/p>\n\n\n\n<p>Esta llevar\u00e1 por nombre \u201cTaller pedag\u00f3gico en el contexto de la planificaci\u00f3n estrat\u00e9gica\u201d, a trav\u00e9s del cual se proveer\u00e1 a educadoras de p\u00e1rvulos y t\u00e9cnicos en educaci\u00f3n de p\u00e1rvulos, de habilidades, conocimientos y herramientas necesarias para optimizar la calidad de la ense\u00f1anza y el aprendizaje, alineando sus pr\u00e1cticas con los objetivos institucionales, para generar cambios y mejoras a mediano y largo plazo.<\/p>\n\n\n\n<p>Las direcciones de los establecimientos de la Junji han informado a las madres, padres, apoderadas y apoderados de las fechas comprometidas, siempre con la debida antelaci\u00f3n, garantizando el compromiso con la educaci\u00f3n parvularia de calidad y el bienestar integral de las ni\u00f1as y los ni\u00f1os de la Regi\u00f3n de Magallanes y de la Ant\u00e1rtica Chilena.&nbsp;<\/p>\n\n\n\n<p>La directora regional de la Junji, Paola Valenzuela Pino, destac\u00f3 que esta serie de capacitaciones invita a \u201cdesplegar todas las potencialidades para laborar. Ser\u00e1n una gran instancia para todas y todos. Esperamos efectos positivos en cada equipo de la Junji Magallanes, fomentando una cultura de ambientes bien tratantes, viviendo este perfeccionamiento como un desaf\u00edo, construyendo colaborativamente y haciendo de la educaci\u00f3n inicial una herramienta de transformaci\u00f3n social para el presente\u201d.<\/p>\n","protected":false},"excerpt":{"rendered":"<p>El segundo semestre 2024 empezar\u00e1 con actividades pedag\u00f3gicas el martes 23 de julio en las provincias de Magallanes, \u00daltima Esperanza y Tierra del Fuego, en los recintos administrados directamente por&#8230; <a class=\"read-more\" href=\"https:\/\/www.radiopresidenteibanez.cl\/web\/establecimientos-de-la-junji-magallanes-retomaran-actividades-en-tres-provincias-el-martes-23-de-julio\/\">Leer m\u00e1s<\/a><\/p>\n","protected":false},"author":2,"featured_media":49928,"comment_status":"closed","ping_status":"closed","sticky":false,"template":"","format":"standard","meta":{"footnotes":""},"categories":[1],"tags":[],"class_list":["post-49927","post","type-post","status-publish","format-standard","has-post-thumbnail","hentry","category-cronica"],"_links":{"self":[{"href":"https:\/\/www.radiopresidenteibanez.cl\/web\/wp-json\/wp\/v2\/posts\/49927","targetHints":{"allow":["GET"]}}],"collection":[{"href":"https:\/\/www.radiopresidenteibanez.cl\/web\/wp-json\/wp\/v2\/posts"}],"about":[{"href":"https:\/\/www.radiopresidenteibanez.cl\/web\/wp-json\/wp\/v2\/types\/post"}],"author":[{"embeddable":true,"href":"https:\/\/www.radiopresidenteibanez.cl\/web\/wp-json\/wp\/v2\/users\/2"}],"replies":[{"embeddable":true,"href":"https:\/\/www.radiopresidenteibanez.cl\/web\/wp-json\/wp\/v2\/comments?post=49927"}],"version-history":[{"count":0,"href":"https:\/\/www.radiopresidenteibanez.cl\/web\/wp-json\/wp\/v2\/posts\/49927\/revisions"}],"wp:featuredmedia":[{"embeddable":true,"href":"https:\/\/www.radiopresidenteibanez.cl\/web\/wp-json\/wp\/v2\/media\/49928"}],"wp:attachment":[{"href":"https:\/\/www.radiopresidenteibanez.cl\/web\/wp-json\/wp\/v2\/media?parent=49927"}],"wp:term":[{"taxonomy":"category","embeddable":true,"href":"https:\/\/www.radiopresidenteibanez.cl\/web\/wp-json\/wp\/v2\/categories?post=49927"},{"taxonomy":"post_tag","embeddable":true,"href":"https:\/\/www.radiopresidenteibanez.cl\/web\/wp-json\/wp\/v2\/tags?post=49927"}],"curies":[{"name":"wp","href":"https:\/\/api.w.org\/{rel}","templated":true}]}}