{"id":49917,"date":"2024-07-19T09:39:00","date_gmt":"2024-07-19T12:39:00","guid":{"rendered":"https:\/\/www.radiopresidenteibanez.cl\/web\/?p=49917"},"modified":"2024-07-19T08:33:55","modified_gmt":"2024-07-19T11:33:55","slug":"precio-de-la-parafina-bajara-977-por-litro-tras-primera-inyeccion-de-recursos-al-feep-ente-ano","status":"publish","type":"post","link":"https:\/\/www.radiopresidenteibanez.cl\/web\/precio-de-la-parafina-bajara-977-por-litro-tras-primera-inyeccion-de-recursos-al-feep-ente-ano\/","title":{"rendered":"PRECIO DE LA PARAFINA BAJARA $97,7 POR LITRO TRAS PRIMERA INYECCION DE RECURSOS AL FEEP ENTE A\u00d1O"},"content":{"rendered":"\n<p>A partir de este jueves 18 de julio el precio mayorista del kerosene dom\u00e9stico o<br>parafina registrar\u00e1 una ca\u00edda de $97,7 por litro.<br>La variaci\u00f3n en el precio de la parafina se concreta tras la publicaci\u00f3n el s\u00e1bado 13 de<br>julio en el Diario Oficial de la Ley 21.685 del Ministerio de Hacienda que ampl\u00eda una<br>serie de beneficios sociales y que fueron parte del acuerdo alcanzado entre el<br>gobierno y la Central Unitaria de Trabajadores (CUT) en el marco de la negociaci\u00f3n<br>anual de salario m\u00ednimo.<br>La ley reci\u00e9n aprobada, entre otras medidas, faculta al Ministerio de Hacienda para<br>inyectar hasta US$25 millones al FEPP y, en sus art\u00edculos transitorios, permite la<br>modificaci\u00f3n de las ponderaciones de este fondo.<br>De esta forma, se busca cumplir el compromiso de que el precio del kerosene<br>dom\u00e9stico se mantenga en torno a los $1.050 por litro (valor promedio hist\u00f3rico en la<br>Regi\u00f3n Metropolitana), atendiendo la mayor demanda por parafina que se genera en<br>los meses de invierno.<\/p>\n","protected":false},"excerpt":{"rendered":"<p>A partir de este jueves 18 de julio el precio mayorista del kerosene dom\u00e9stico oparafina registrar\u00e1 una ca\u00edda de $97,7 por litro.La variaci\u00f3n en el precio de la parafina se&#8230; <a class=\"read-more\" href=\"https:\/\/www.radiopresidenteibanez.cl\/web\/precio-de-la-parafina-bajara-977-por-litro-tras-primera-inyeccion-de-recursos-al-feep-ente-ano\/\">Leer m\u00e1s<\/a><\/p>\n","protected":false},"author":2,"featured_media":49918,"comment_status":"closed","ping_status":"closed","sticky":false,"template":"","format":"standard","meta":{"footnotes":""},"categories":[1],"tags":[],"class_list":["post-49917","post","type-post","status-publish","format-standard","has-post-thumbnail","hentry","category-cronica"],"_links":{"self":[{"href":"https:\/\/www.radiopresidenteibanez.cl\/web\/wp-json\/wp\/v2\/posts\/49917","targetHints":{"allow":["GET"]}}],"collection":[{"href":"https:\/\/www.radiopresidenteibanez.cl\/web\/wp-json\/wp\/v2\/posts"}],"about":[{"href":"https:\/\/www.radiopresidenteibanez.cl\/web\/wp-json\/wp\/v2\/types\/post"}],"author":[{"embeddable":true,"href":"https:\/\/www.radiopresidenteibanez.cl\/web\/wp-json\/wp\/v2\/users\/2"}],"replies":[{"embeddable":true,"href":"https:\/\/www.radiopresidenteibanez.cl\/web\/wp-json\/wp\/v2\/comments?post=49917"}],"version-history":[{"count":0,"href":"https:\/\/www.radiopresidenteibanez.cl\/web\/wp-json\/wp\/v2\/posts\/49917\/revisions"}],"wp:featuredmedia":[{"embeddable":true,"href":"https:\/\/www.radiopresidenteibanez.cl\/web\/wp-json\/wp\/v2\/media\/49918"}],"wp:attachment":[{"href":"https:\/\/www.radiopresidenteibanez.cl\/web\/wp-json\/wp\/v2\/media?parent=49917"}],"wp:term":[{"taxonomy":"category","embeddable":true,"href":"https:\/\/www.radiopresidenteibanez.cl\/web\/wp-json\/wp\/v2\/categories?post=49917"},{"taxonomy":"post_tag","embeddable":true,"href":"https:\/\/www.radiopresidenteibanez.cl\/web\/wp-json\/wp\/v2\/tags?post=49917"}],"curies":[{"name":"wp","href":"https:\/\/api.w.org\/{rel}","templated":true}]}}