{"id":49901,"date":"2024-07-18T10:32:02","date_gmt":"2024-07-18T13:32:02","guid":{"rendered":"https:\/\/www.radiopresidenteibanez.cl\/web\/?p=49901"},"modified":"2024-07-18T10:32:07","modified_gmt":"2024-07-18T13:32:07","slug":"declaracion-publica-colegio-regional-de-trabajadores-y-trabajadoras-sociales","status":"publish","type":"post","link":"https:\/\/www.radiopresidenteibanez.cl\/web\/declaracion-publica-colegio-regional-de-trabajadores-y-trabajadoras-sociales\/","title":{"rendered":"DECLARACI\u00d3N P\u00daBLICA COLEGIO REGIONAL DE TRABAJADORES Y TRABAJADORAS SOCIALES"},"content":{"rendered":"\n<p>Como Colegio de Trabajadoras y Trabajadores Sociales Provincial Magallanes, lamentamos las palabras hacia el Trabajo Social del Senador don Alejandro Kusanovic Glusevic, en relaci\u00f3n con la cuenta p\u00fablica del Gobernador Regional.<\/p>\n\n\n\n<p>El Trabajo Social es una profesi\u00f3n y disciplina a punto de cumplir 100 a\u00f1os en Chile que con metodolog\u00eda cient\u00edfica basada en la pr\u00e1ctica y una disciplina acad\u00e9mica que promueve el cambio y el desarrollo social, la cohesi\u00f3n social, el fortalecimiento y la liberaci\u00f3n de las personas, la defensa de los derechos humanos y por sobre todo el bienestar social de las personas y su entorno.<\/p>\n\n\n\n<p>Como gremio de los y las trabajadoras sociales creemos que priorizar lo social no es perder el tiempo y por tanto lamentamos que se asocie al trabajo social con la distorsi\u00f3n pol\u00edtica que es el asistencialismo. La asistencia como derecho, transparente y que acompa\u00f1a la autonom\u00eda de las personas es un factor clave para el desarrollo integral de cualquier sociedad moderna.<\/p>\n\n\n\n<p>&nbsp;Invitamos al senador y a todas y todos los actores regionales a seguir hablando de lo social, que siga teniendo protagonismo, debemos levantar m\u00e1s datos, debemos visibilizar m\u00e1s y mejores proyectos y debemos vincularlos con espacios productivos y de desarrollo.<\/p>\n\n\n\n<p>La regi\u00f3n debe seguir generando debate sobre el tema con altura y en todos los espacios posibles, las y los trabajadores sociales estamos y estaremos disponibles para esa conversaci\u00f3n.<\/p>\n\n\n\n<p><strong>COLEGIO NACIONAL DE TRABAJADORAS Y TRABAJADORES SOCIALES DE CHILE<\/strong><\/p>\n\n\n\n<p><strong>COLEGIO DE TRABAJADORAS Y TRABAJADORES SOCIALES PROVINCIAL MAGALLANES<\/strong><\/p>\n","protected":false},"excerpt":{"rendered":"<p>Como Colegio de Trabajadoras y Trabajadores Sociales Provincial Magallanes, lamentamos las palabras hacia el Trabajo Social del Senador don Alejandro Kusanovic Glusevic, en relaci\u00f3n con la cuenta p\u00fablica del Gobernador&#8230; <a class=\"read-more\" href=\"https:\/\/www.radiopresidenteibanez.cl\/web\/declaracion-publica-colegio-regional-de-trabajadores-y-trabajadoras-sociales\/\">Leer m\u00e1s<\/a><\/p>\n","protected":false},"author":2,"featured_media":49902,"comment_status":"closed","ping_status":"closed","sticky":false,"template":"","format":"standard","meta":{"footnotes":""},"categories":[1],"tags":[],"class_list":["post-49901","post","type-post","status-publish","format-standard","has-post-thumbnail","hentry","category-cronica"],"_links":{"self":[{"href":"https:\/\/www.radiopresidenteibanez.cl\/web\/wp-json\/wp\/v2\/posts\/49901","targetHints":{"allow":["GET"]}}],"collection":[{"href":"https:\/\/www.radiopresidenteibanez.cl\/web\/wp-json\/wp\/v2\/posts"}],"about":[{"href":"https:\/\/www.radiopresidenteibanez.cl\/web\/wp-json\/wp\/v2\/types\/post"}],"author":[{"embeddable":true,"href":"https:\/\/www.radiopresidenteibanez.cl\/web\/wp-json\/wp\/v2\/users\/2"}],"replies":[{"embeddable":true,"href":"https:\/\/www.radiopresidenteibanez.cl\/web\/wp-json\/wp\/v2\/comments?post=49901"}],"version-history":[{"count":0,"href":"https:\/\/www.radiopresidenteibanez.cl\/web\/wp-json\/wp\/v2\/posts\/49901\/revisions"}],"wp:featuredmedia":[{"embeddable":true,"href":"https:\/\/www.radiopresidenteibanez.cl\/web\/wp-json\/wp\/v2\/media\/49902"}],"wp:attachment":[{"href":"https:\/\/www.radiopresidenteibanez.cl\/web\/wp-json\/wp\/v2\/media?parent=49901"}],"wp:term":[{"taxonomy":"category","embeddable":true,"href":"https:\/\/www.radiopresidenteibanez.cl\/web\/wp-json\/wp\/v2\/categories?post=49901"},{"taxonomy":"post_tag","embeddable":true,"href":"https:\/\/www.radiopresidenteibanez.cl\/web\/wp-json\/wp\/v2\/tags?post=49901"}],"curies":[{"name":"wp","href":"https:\/\/api.w.org\/{rel}","templated":true}]}}