{"id":49898,"date":"2024-07-18T14:13:00","date_gmt":"2024-07-18T17:13:00","guid":{"rendered":"https:\/\/www.radiopresidenteibanez.cl\/web\/?p=49898"},"modified":"2024-07-18T10:12:35","modified_gmt":"2024-07-18T13:12:35","slug":"sistema-para-reutilizar-salmuera-desechada-por-industria-del-hidrogeno-gano-concurso-universitario-business-camp","status":"publish","type":"post","link":"https:\/\/www.radiopresidenteibanez.cl\/web\/sistema-para-reutilizar-salmuera-desechada-por-industria-del-hidrogeno-gano-concurso-universitario-business-camp\/","title":{"rendered":"SISTEMA PARA REUTILIZAR SALMUERA DESECHADA POR INDUSTRIA DEL HIDROGENO GANO CONCURSO UNIVERSITARIO BUSINESS CAMP"},"content":{"rendered":"\n<p>\u201cEstas instancias permiten pulir con anticipaci\u00f3n las ideas de tesis, porque uno estructura la idea un poco m\u00e1s dirigida. Y, aparte, hay financiamiento asociado para proyectos que tengan alg\u00fan prototipo, as\u00ed que les viene como anillo al dedo\u201d, coment\u00f3 el estudiante Carlos Pineda Polanco, tras finalizar el evento de cierre de la III versi\u00f3n de \u201cBusiness Camp. Impulsa tu tesis en innovaci\u00f3n\u201d, en el auditorio de la Universidad de Magallanes (UMAG).<\/p>\n\n\n\n<p>La iniciativa, organizada por la&nbsp;<a href=\"https:\/\/www.instagram.com\/ditumag?utm_source=ig_web_button_share_sheet&amp;igsh=ZDNlZDc0MzIxNw==\" target=\"_blank\" rel=\"noreferrer noopener\">Direcci\u00f3n de Innovaci\u00f3n y Transferencia<\/a>&nbsp;de la casa de estudios, seleccion\u00f3 este a\u00f1o 2024 a una decena de estudiantes, con propuestas provenientes de las carreras de Biolog\u00eda Marina, Ingenier\u00eda en Construcci\u00f3n, Ingenier\u00eda El\u00e9ctrica, Agronom\u00eda, Psicolog\u00eda e Ingenier\u00eda Civil. Luego de un proceso de formaci\u00f3n y apoyo, les convocaron para exponer sus iniciativas en formato pitch durante 5 minutos frente a un jurado, donde tambi\u00e9n respondieron preguntas.<\/p>\n\n\n\n<p>\u201cEs muy importante para la formaci\u00f3n de estudiantes de la UMAG, en general participar de estas instancias como \u00e9stas, para desarrollar habilidades que no siempre est\u00e1n contempladas en su formaci\u00f3n profesional, como es la comunicaci\u00f3n\u201d, coment\u00f3 la acad\u00e9mica de la Facultad de Ingenier\u00eda e investigadora de SERC Chile, Cristiane Carvalho, quien fue parte de las evaluadoras. Su par, la Ingeniera en Administraci\u00f3n dedicada a la artesan\u00eda textil, Katia Vergara Ojeda, coincidi\u00f3 con su visi\u00f3n, sobre todo porque \u201cson instancias de la vida real que los estudiantes pueden experimentar desde ahora\u201d.<\/p>\n\n\n\n<p><strong>Resultados<\/strong><\/p>\n\n\n\n<p>Tras la deliberaci\u00f3n, la direcci\u00f3n a cargo del Dr. Sergio Radic inform\u00f3 que el primer lugar fue obtenido por el estudiante de Ingenier\u00eda en construcci\u00f3n, Cristofer Aguilar Alvarado, con el proyecto:&nbsp;<a href=\"https:\/\/www.youtube.com\/watch?v=40s0B83O0I0\" target=\"_blank\" rel=\"noreferrer noopener\">\u00abReubrine: un sistema inteligente de reutilizaci\u00f3n de salmuera en la industria de hidr\u00f3geno verde\u00bb<\/a>.<\/p>\n\n\n\n<p>El segundo lugar fue compartido por el estudiante de Biolog\u00eda Marina, Byron Panire Torres, con su iniciativa de \u201cMonitoreo y Gesti\u00f3n de Biodiversidad Bent\u00f3nica para la Conservaci\u00f3n Costera\u201d, y la alumna de Agronom\u00eda, Valeria Correa Maraga\u00f1o, con su idea \u201cMagallanes tiene color: Gu\u00eda tint\u00f3rea natural sustentable\u201d.<\/p>\n\n\n\n<p>El tercer lugar lo obtuvo Andr\u00e9s Zerega Colivoro, de la carrera de Psicolog\u00eda, con el proyecto \u201cValidaci\u00f3n local del Cognitive Reflection Test (CRT): Un primer paso para el desarrollo de instrumentos de evaluaci\u00f3n cognitiva cient\u00edficamente fundamentados y pertinentes para organizaciones en Magallanes\u201d.<\/p>\n\n\n\n<p>Seg\u00fan la profesional de dicha unidad, Carolina Arango,&nbsp; persevera en la realizaci\u00f3n de este concurso, porque nos interesa mucho diversificar el perfil de los egresados, y darles la posibilidad de generar ideas de producto o servicio que se vuelvan comercializables\u201d.<\/p>\n","protected":false},"excerpt":{"rendered":"<p>\u201cEstas instancias permiten pulir con anticipaci\u00f3n las ideas de tesis, porque uno estructura la idea un poco m\u00e1s dirigida. Y, aparte, hay financiamiento asociado para proyectos que tengan alg\u00fan prototipo,&#8230; <a class=\"read-more\" href=\"https:\/\/www.radiopresidenteibanez.cl\/web\/sistema-para-reutilizar-salmuera-desechada-por-industria-del-hidrogeno-gano-concurso-universitario-business-camp\/\">Leer m\u00e1s<\/a><\/p>\n","protected":false},"author":2,"featured_media":49899,"comment_status":"closed","ping_status":"closed","sticky":false,"template":"","format":"standard","meta":{"footnotes":""},"categories":[1],"tags":[],"class_list":["post-49898","post","type-post","status-publish","format-standard","has-post-thumbnail","hentry","category-cronica"],"_links":{"self":[{"href":"https:\/\/www.radiopresidenteibanez.cl\/web\/wp-json\/wp\/v2\/posts\/49898","targetHints":{"allow":["GET"]}}],"collection":[{"href":"https:\/\/www.radiopresidenteibanez.cl\/web\/wp-json\/wp\/v2\/posts"}],"about":[{"href":"https:\/\/www.radiopresidenteibanez.cl\/web\/wp-json\/wp\/v2\/types\/post"}],"author":[{"embeddable":true,"href":"https:\/\/www.radiopresidenteibanez.cl\/web\/wp-json\/wp\/v2\/users\/2"}],"replies":[{"embeddable":true,"href":"https:\/\/www.radiopresidenteibanez.cl\/web\/wp-json\/wp\/v2\/comments?post=49898"}],"version-history":[{"count":0,"href":"https:\/\/www.radiopresidenteibanez.cl\/web\/wp-json\/wp\/v2\/posts\/49898\/revisions"}],"wp:featuredmedia":[{"embeddable":true,"href":"https:\/\/www.radiopresidenteibanez.cl\/web\/wp-json\/wp\/v2\/media\/49899"}],"wp:attachment":[{"href":"https:\/\/www.radiopresidenteibanez.cl\/web\/wp-json\/wp\/v2\/media?parent=49898"}],"wp:term":[{"taxonomy":"category","embeddable":true,"href":"https:\/\/www.radiopresidenteibanez.cl\/web\/wp-json\/wp\/v2\/categories?post=49898"},{"taxonomy":"post_tag","embeddable":true,"href":"https:\/\/www.radiopresidenteibanez.cl\/web\/wp-json\/wp\/v2\/tags?post=49898"}],"curies":[{"name":"wp","href":"https:\/\/api.w.org\/{rel}","templated":true}]}}