{"id":49869,"date":"2024-07-17T15:57:00","date_gmt":"2024-07-17T18:57:00","guid":{"rendered":"https:\/\/www.radiopresidenteibanez.cl\/web\/?p=49869"},"modified":"2024-07-17T11:44:33","modified_gmt":"2024-07-17T14:44:33","slug":"mas-de-5-mil-personas-asistieron-a-la-xii-feria-medieval-en-punta-arenas","status":"publish","type":"post","link":"https:\/\/www.radiopresidenteibanez.cl\/web\/mas-de-5-mil-personas-asistieron-a-la-xii-feria-medieval-en-punta-arenas\/","title":{"rendered":"MAS DE 5 MIL PERSONAS ASISTIERON A LA XII FERIA MEDIEVAL EN PUNTA ARENAS"},"content":{"rendered":"\n<p>La gran afluencia de p\u00fablico que se reuni\u00f3 en s\u00f3lo tres tardes, es una muestra de la valoraci\u00f3n que tiene el tradicional encuentro organizado por la Sociedad Tolkien Magallanes, quienes desde este a\u00f1o cuentan con el sello Punto de Cultura Comunitaria.<\/p>\n\n\n\n<p>\u201cUno de los aspectos que m\u00e1s destacamos y agrademos es la red de apoyo y colaboraci\u00f3n que se genera en torno a la Feria Medieval en Magallanes. Porque todos los artistas y los elencos que se presentan en diferentes disciplinas como m\u00fasica, teatro, danza y deporte, se presentan de manera voluntaria para que esta feria se mantenga, porque entienden que es un evento cultural muy esperado por la comunidad\u201d, se\u00f1al\u00f3 el presidente de la Sociedad Tolkien Magallanes Otto Gesell Yasic.<\/p>\n\n\n\n<p>Agreg\u00f3 que esta versi\u00f3n recibi\u00f3 m\u00e1s de 5 mil asistentes gracias al tejido social que se logra con la participaci\u00f3n de artistas, deportistas, artesanos y el p\u00fablico que con gran entusiasmo participa cada jornada.<\/p>\n\n\n\n<p>La primera versi\u00f3n de la Feria medieval se realiz\u00f3 en el Centro Cultural Imago Mundi el a\u00f1o 2010. Hace 10 a\u00f1os que no se hac\u00eda una edici\u00f3n en invierno. Ello no impidi\u00f3 que grandes, peque\u00f1os y familias completas asistieran hasta el Liceo Luis Alberto Barrera, muchas de ellas y ellos con vestuario a la usanza del milenio pasado para disfrutar del torneo de espadas, la danza tribal, la m\u00fasica celta y la obra de Teatro desarrollada por las y los miembros de la Sociedad Tolkien.<\/p>\n\n\n\n<p>Gesell agradeci\u00f3 el financiamiento obtenido de parte de la seremi de las Culturas, las Artes y el Patrimonio\u201d lo que permiti\u00f3 contar con ciertos detalles t\u00e9cnicos y visuales para que el encuentro sea cada vez de un nivel superior\u201d. Agreg\u00f3 que es un evento que como Sociedad Tolkien disfrutan plenamente, ya que cumple con a cabalidad con sus objetivos como es ser una actividad interactiva, familiar, con acceso libre y gratuito. Sellos que marcan todas las iniciativas desarrolladas por su agrupaci\u00f3n.<\/p>\n","protected":false},"excerpt":{"rendered":"<p>La gran afluencia de p\u00fablico que se reuni\u00f3 en s\u00f3lo tres tardes, es una muestra de la valoraci\u00f3n que tiene el tradicional encuentro organizado por la Sociedad Tolkien Magallanes, quienes&#8230; <a class=\"read-more\" href=\"https:\/\/www.radiopresidenteibanez.cl\/web\/mas-de-5-mil-personas-asistieron-a-la-xii-feria-medieval-en-punta-arenas\/\">Leer m\u00e1s<\/a><\/p>\n","protected":false},"author":2,"featured_media":49870,"comment_status":"closed","ping_status":"closed","sticky":false,"template":"","format":"standard","meta":{"footnotes":""},"categories":[1],"tags":[],"class_list":["post-49869","post","type-post","status-publish","format-standard","has-post-thumbnail","hentry","category-cronica"],"_links":{"self":[{"href":"https:\/\/www.radiopresidenteibanez.cl\/web\/wp-json\/wp\/v2\/posts\/49869","targetHints":{"allow":["GET"]}}],"collection":[{"href":"https:\/\/www.radiopresidenteibanez.cl\/web\/wp-json\/wp\/v2\/posts"}],"about":[{"href":"https:\/\/www.radiopresidenteibanez.cl\/web\/wp-json\/wp\/v2\/types\/post"}],"author":[{"embeddable":true,"href":"https:\/\/www.radiopresidenteibanez.cl\/web\/wp-json\/wp\/v2\/users\/2"}],"replies":[{"embeddable":true,"href":"https:\/\/www.radiopresidenteibanez.cl\/web\/wp-json\/wp\/v2\/comments?post=49869"}],"version-history":[{"count":0,"href":"https:\/\/www.radiopresidenteibanez.cl\/web\/wp-json\/wp\/v2\/posts\/49869\/revisions"}],"wp:featuredmedia":[{"embeddable":true,"href":"https:\/\/www.radiopresidenteibanez.cl\/web\/wp-json\/wp\/v2\/media\/49870"}],"wp:attachment":[{"href":"https:\/\/www.radiopresidenteibanez.cl\/web\/wp-json\/wp\/v2\/media?parent=49869"}],"wp:term":[{"taxonomy":"category","embeddable":true,"href":"https:\/\/www.radiopresidenteibanez.cl\/web\/wp-json\/wp\/v2\/categories?post=49869"},{"taxonomy":"post_tag","embeddable":true,"href":"https:\/\/www.radiopresidenteibanez.cl\/web\/wp-json\/wp\/v2\/tags?post=49869"}],"curies":[{"name":"wp","href":"https:\/\/api.w.org\/{rel}","templated":true}]}}