{"id":49866,"date":"2024-07-17T14:34:00","date_gmt":"2024-07-17T17:34:00","guid":{"rendered":"https:\/\/www.radiopresidenteibanez.cl\/web\/?p=49866"},"modified":"2024-07-17T11:38:05","modified_gmt":"2024-07-17T14:38:05","slug":"masiva-capacitacion-de-profesionales-que-atienden-a-ninos-ninas-y-adolescentes","status":"publish","type":"post","link":"https:\/\/www.radiopresidenteibanez.cl\/web\/masiva-capacitacion-de-profesionales-que-atienden-a-ninos-ninas-y-adolescentes\/","title":{"rendered":"MASIVA CAPACITACI\u00d3N DE PROFESIONALES QUE ATIENDEN A NI\u00d1OS, NI\u00d1AS Y ADOLESCENTES"},"content":{"rendered":"\n<p>El Servicio de Protecci\u00f3n Especializada, capacit\u00f3 a los equipos de los 25 proyectos que atienden a ni\u00f1os, ni\u00f1as y adolescentes vulnerados en Magallanes. En total 150 profesionales fueron certificados durante el \u00faltimo a\u00f1o.<\/p>\n\n\n\n<p>Adem\u00e1s de las tres residencias familiares y los dos proyectos a cargo de la iniciativa de Familias de Acogida en la regi\u00f3n, el Servicio de Protecci\u00f3n Especializada supervisa 20 proyectos de car\u00e1cter ambulatorio. Estos \u00faltimos concentran cerca del 90% de las atenciones, las cuales abordan desde el fortalecimiento de habilidades parentales, hasta la reparaci\u00f3n del da\u00f1o que sufren los ni\u00f1os, ni\u00f1as y adolescentes al ser testigos o v\u00edctimas de violencia intrafamiliar, entre otras graves vulneraciones.<\/p>\n\n\n\n<p>Dado que estas atenciones deben responder a la composici\u00f3n y realidad de cada familia, contar con profesionales capacitados para ejecutar efectivamente su diagn\u00f3stico, intervenci\u00f3n y acompa\u00f1amiento resulta imperativo. Al respecto, la jefa de la Unidad de Asistencia T\u00e9cnica, Monitoreo y Evaluaci\u00f3n, Ana Mar\u00eda Vargas precis\u00f3 que \u201cEste es un trabajo profundo, sistem\u00e1tico y progresivo que nos permite estar a la altura de las necesidades que presentan los ni\u00f1os, ni\u00f1as y adolescentes. Especializarnos significa conocer con mayor profundidad a nuestro sujeto de atenci\u00f3n, as\u00ed como contar con herramientas t\u00e9cnicas y estrategias de trabajo actualizadas. Todo ello es necesario para entregar una atenci\u00f3n integral a cada una de las familias que nos son derivadas desde el Poder Judicial\u201d.<\/p>\n\n\n\n<p>Dada la alta convocatoria del proceso de capacitaci\u00f3n, los certificados fueron entregados a los directores de cada uno de los proyectos desplegados en la regi\u00f3n. Algunas de las especializaciones con mayor demanda fueron la diversidad sexogen\u00e9rica, as\u00ed como herramientas para combatir la violencia transgeneracional y el trauma complejo, materia que estudia como las vulneraciones dentro de la familia impactan negativamente el desarrollo de ni\u00f1os, ni\u00f1as y adolescentes.&nbsp;<\/p>\n","protected":false},"excerpt":{"rendered":"<p>El Servicio de Protecci\u00f3n Especializada, capacit\u00f3 a los equipos de los 25 proyectos que atienden a ni\u00f1os, ni\u00f1as y adolescentes vulnerados en Magallanes. En total 150 profesionales fueron certificados durante&#8230; <a class=\"read-more\" href=\"https:\/\/www.radiopresidenteibanez.cl\/web\/masiva-capacitacion-de-profesionales-que-atienden-a-ninos-ninas-y-adolescentes\/\">Leer m\u00e1s<\/a><\/p>\n","protected":false},"author":2,"featured_media":49867,"comment_status":"closed","ping_status":"closed","sticky":false,"template":"","format":"standard","meta":{"footnotes":""},"categories":[1],"tags":[],"class_list":["post-49866","post","type-post","status-publish","format-standard","has-post-thumbnail","hentry","category-cronica"],"_links":{"self":[{"href":"https:\/\/www.radiopresidenteibanez.cl\/web\/wp-json\/wp\/v2\/posts\/49866","targetHints":{"allow":["GET"]}}],"collection":[{"href":"https:\/\/www.radiopresidenteibanez.cl\/web\/wp-json\/wp\/v2\/posts"}],"about":[{"href":"https:\/\/www.radiopresidenteibanez.cl\/web\/wp-json\/wp\/v2\/types\/post"}],"author":[{"embeddable":true,"href":"https:\/\/www.radiopresidenteibanez.cl\/web\/wp-json\/wp\/v2\/users\/2"}],"replies":[{"embeddable":true,"href":"https:\/\/www.radiopresidenteibanez.cl\/web\/wp-json\/wp\/v2\/comments?post=49866"}],"version-history":[{"count":0,"href":"https:\/\/www.radiopresidenteibanez.cl\/web\/wp-json\/wp\/v2\/posts\/49866\/revisions"}],"wp:featuredmedia":[{"embeddable":true,"href":"https:\/\/www.radiopresidenteibanez.cl\/web\/wp-json\/wp\/v2\/media\/49867"}],"wp:attachment":[{"href":"https:\/\/www.radiopresidenteibanez.cl\/web\/wp-json\/wp\/v2\/media?parent=49866"}],"wp:term":[{"taxonomy":"category","embeddable":true,"href":"https:\/\/www.radiopresidenteibanez.cl\/web\/wp-json\/wp\/v2\/categories?post=49866"},{"taxonomy":"post_tag","embeddable":true,"href":"https:\/\/www.radiopresidenteibanez.cl\/web\/wp-json\/wp\/v2\/tags?post=49866"}],"curies":[{"name":"wp","href":"https:\/\/api.w.org\/{rel}","templated":true}]}}