{"id":49849,"date":"2024-07-17T08:24:14","date_gmt":"2024-07-17T11:24:14","guid":{"rendered":"https:\/\/www.radiopresidenteibanez.cl\/web\/?p=49849"},"modified":"2024-07-17T08:24:19","modified_gmt":"2024-07-17T11:24:19","slug":"presidente-de-la-asociacion-internacional-de-lineas-de-cruceros-para-sudamerica-destaca-presencia-de-magallanes-en-el-sistema-turistico-mundial","status":"publish","type":"post","link":"https:\/\/www.radiopresidenteibanez.cl\/web\/presidente-de-la-asociacion-internacional-de-lineas-de-cruceros-para-sudamerica-destaca-presencia-de-magallanes-en-el-sistema-turistico-mundial\/","title":{"rendered":"PRESIDENTE DE LA ASOCIACION INTERNACIONAL DE LINEAS DE CRUCEROS  PARA SUDAMERICA DESTACA PRESENCIA DE MAGALLANES EN EL SISTEMA TURISTICO MUNDIAL"},"content":{"rendered":"\n<p>Conocer en primera persona las iniciativas y desarrollos de los puertos de la Regi\u00f3n<br>de Magallanes y Ant\u00e1rtica Chilena para potenciar la temporada de cruceros, fue<br>parte de las actividades realizadas por el presidente de la Asociaci\u00f3n Internacional<br>de L\u00edneas de Cruceros (CLIA), para Sudam\u00e9rica, Marco Ferraz, en su visita de dos<br>d\u00edas a la regi\u00f3n.<br>Con m\u00e1s de cuarenta l\u00edneas de cruceros internacionales como miembros, entre<br>compa\u00f1\u00edas globales y regionales, la CLIA es la asociaci\u00f3n de la industria m\u00e1s<br>grande del mundo, con quince oficinas y representaci\u00f3n en Am\u00e9rica del Norte y del<br>Sur, Europa, Asia y Australasia.<br>As\u00ed, y en el contexto de su visita a nuestro pa\u00eds organizada por la Corporaci\u00f3n de<br>Puertos del Cono Sur para conocer posibles nuevos destinos de las l\u00edneas de<br>cruceros, Marco Ferraz, el representante de CLIA para Sudam\u00e9rica estuvo<br>conociendo los muelles y terminales de la Regi\u00f3n de Magallanes y Ant\u00e1rtica<br>Chilena, junto con establecer encuentros con distintas autoridades locales.<br>Ferraz lleg\u00f3 a Punta Arenas a reunirse con el Gobernador de Magallanes, Jorge<br>Flies, con quien convers\u00f3 de los desaf\u00edos tur\u00edsticos de la regi\u00f3n junto al Gerente<br>General de la Empresa Portuaria Austral, Miguel Palma Morales, ejecutivo con<br>el que adem\u00e1s visit\u00f3 el Terminal Arturo Prat para conocer la infraestructura<br>habilitada para la pr\u00f3xima temporada de cruceros 2024-2025 y los proyectos<br>venideros.<br>Posteriormente, Marco Ferraz viaj\u00f3 a Puerto Williams para conocer la Rampa<br>Williams, el Muelle Multiprop\u00f3sito en construcci\u00f3n, iniciativa liderada por la Direcci\u00f3n<br>de Obras Portuarias del Ministerio de Obras P\u00fablicas, y el Muelle Guardi\u00e1n Brito,<br>administrado por la EPAUSTRAL en convenio con la Armada, infraestructura de<br>importancia para la llegada de los cruceros ant\u00e1rticos.<br>En el lugar adem\u00e1s se reunieron con el Capit\u00e1n de Puerto, Teniente Primero<br>Litoral Felipe P\u00e9rez Cruz, y el Gobernador Mar\u00edtimo de Puerto Williams y<br>Comandante del Distrito Naval Beagle (DINABE), Capit\u00e1n de Nav\u00edo Luis<br>Bustos.<br>Finalmente, Marco Ferraz y Miguel Palma Morales sostuvieron una reuni\u00f3n con el<br>alcalde de Cabo de Hornos, Patricio Fern\u00e1ndez, y visitaron el Centro<br>Universitario Cabo de Hornos de la UMAG para conocer el Centro de<br>Investigaci\u00f3n Ant\u00e1rtico.<br>\u201cLa visita de Marco Ferraz fue muy positiva. Destac\u00f3 los muelles y terminales de la<br>Regi\u00f3n de Magallanes y tuvo la oportunidad de conversar con distintos actores de<br>nuestra zona, con quienes tenemos desaf\u00edos en com\u00fan respecto a las recaladas de<\/p>\n\n\n\n<p>las distintas l\u00edneas de cruceros en esta y las pr\u00f3ximas temporadas\u201d, expres\u00f3 Miguel<br>Palma.<br>Seg\u00fan cifras de la Empresa Portuaria Austral, en la temporada 2023-2024 la<br>Regi\u00f3n de Magallanes y Ant\u00e1rtica Chilena recibi\u00f3 a 86.286 pasajeros en m\u00e1s<br>de 180 cruceros, y se espera un aumento para el periodo que comenzar\u00e1 en el<br>segundo semestre de este a\u00f1o.<\/p>\n","protected":false},"excerpt":{"rendered":"<p>Conocer en primera persona las iniciativas y desarrollos de los puertos de la Regi\u00f3nde Magallanes y Ant\u00e1rtica Chilena para potenciar la temporada de cruceros, fueparte de las actividades realizadas por&#8230; <a class=\"read-more\" href=\"https:\/\/www.radiopresidenteibanez.cl\/web\/presidente-de-la-asociacion-internacional-de-lineas-de-cruceros-para-sudamerica-destaca-presencia-de-magallanes-en-el-sistema-turistico-mundial\/\">Leer m\u00e1s<\/a><\/p>\n","protected":false},"author":2,"featured_media":49850,"comment_status":"closed","ping_status":"closed","sticky":false,"template":"","format":"standard","meta":{"footnotes":""},"categories":[1],"tags":[],"class_list":["post-49849","post","type-post","status-publish","format-standard","has-post-thumbnail","hentry","category-cronica"],"_links":{"self":[{"href":"https:\/\/www.radiopresidenteibanez.cl\/web\/wp-json\/wp\/v2\/posts\/49849","targetHints":{"allow":["GET"]}}],"collection":[{"href":"https:\/\/www.radiopresidenteibanez.cl\/web\/wp-json\/wp\/v2\/posts"}],"about":[{"href":"https:\/\/www.radiopresidenteibanez.cl\/web\/wp-json\/wp\/v2\/types\/post"}],"author":[{"embeddable":true,"href":"https:\/\/www.radiopresidenteibanez.cl\/web\/wp-json\/wp\/v2\/users\/2"}],"replies":[{"embeddable":true,"href":"https:\/\/www.radiopresidenteibanez.cl\/web\/wp-json\/wp\/v2\/comments?post=49849"}],"version-history":[{"count":0,"href":"https:\/\/www.radiopresidenteibanez.cl\/web\/wp-json\/wp\/v2\/posts\/49849\/revisions"}],"wp:featuredmedia":[{"embeddable":true,"href":"https:\/\/www.radiopresidenteibanez.cl\/web\/wp-json\/wp\/v2\/media\/49850"}],"wp:attachment":[{"href":"https:\/\/www.radiopresidenteibanez.cl\/web\/wp-json\/wp\/v2\/media?parent=49849"}],"wp:term":[{"taxonomy":"category","embeddable":true,"href":"https:\/\/www.radiopresidenteibanez.cl\/web\/wp-json\/wp\/v2\/categories?post=49849"},{"taxonomy":"post_tag","embeddable":true,"href":"https:\/\/www.radiopresidenteibanez.cl\/web\/wp-json\/wp\/v2\/tags?post=49849"}],"curies":[{"name":"wp","href":"https:\/\/api.w.org\/{rel}","templated":true}]}}