{"id":49846,"date":"2024-07-15T16:07:00","date_gmt":"2024-07-15T19:07:00","guid":{"rendered":"https:\/\/www.radiopresidenteibanez.cl\/web\/?p=49846"},"modified":"2024-07-15T11:41:35","modified_gmt":"2024-07-15T14:41:35","slug":"plaza-de-justicia-brindara-atenciones-este-jueves-18-en-cesfam-carlos-ibanez","status":"publish","type":"post","link":"https:\/\/www.radiopresidenteibanez.cl\/web\/plaza-de-justicia-brindara-atenciones-este-jueves-18-en-cesfam-carlos-ibanez\/","title":{"rendered":"\u201cPLAZA DE JUSTICIA\u201d BRINDAR\u00c1 ATENCIONES ESTE JUEVES 18 EN CESFAM CARLOS IB\u00c1\u00d1EZ"},"content":{"rendered":"\n<p>Un llamado a la ciudadan\u00eda a participar de un nuevo operativo a cargo de los servicios del<br>Ministerio de Justicia, formul\u00f3 la Seremi del ramo, Michelle Peutat Alvarado, con motivo de una<br>nueva \u201cPlaza de Justicia y Derechos Humanos\u201d, que tendr\u00e1 lugar este jueves 18 de julio, de 10:00 a 12:00 horas en dependencias del Centro de Salud Familiar Carlos Ib\u00e1\u00f1ez (Avda. Pdte. Eduardo Frei N\u00b01102) de Punta Arenas.<br>Como un espacio desconcentrado de difusi\u00f3n y promoci\u00f3n en lugares p\u00fablicos de las pol\u00edticas,<br>planes, programas y acciones del Ministerio de Justicia y Derechos Humanos y sus servicios, esta<br>d\u00e9cima Plaza de la Justicia del a\u00f1o, organizada por la Secretar\u00eda Regional Ministerial de Justicia y<br>DD.HH., permitir\u00e1 a la comunidad realizar diversas prestaciones como: obtenci\u00f3n de c\u00e9dulas de<br>identidad y pasaportes, Clave \u00danica y certificados del Registro Civil; orientaci\u00f3n jur\u00eddica gratuita en los \u00e1mbitos de familia, civil, laboral y penal, entre otras.<br>De ah\u00ed que inst\u00f3 a la ciudadan\u00eda a que se acerque este jueves al CESFAM Carlos Ib\u00e1\u00f1ez a recibir<br>orientaci\u00f3n, formular consultas y realizar distintos tr\u00e1mites, para los cuales se encontrar\u00e1n<br>presentes ese d\u00eda: el Servicio de Registro Civil e Identificaci\u00f3n, la Corporaci\u00f3n de Asistencia<br>Judicial, la Secretar\u00eda Regional Ministerial de Justicia y Derechos Humanos y, como invitado, el<br>Servicio Nacional de Migraciones.<br>Por otro lado, la Seremi Michelle Peutat inst\u00f3 a los usuarios y usuarias a mantenerse atentos a las<br>redes sociales de la SEREM\u00cdA de Justicia y DD.HH., acerca de la realizaci\u00f3n de futuras atenciones<br>extraordinarias en Punta Arenas y otras comunas de la regi\u00f3n.<\/p>\n","protected":false},"excerpt":{"rendered":"<p>Un llamado a la ciudadan\u00eda a participar de un nuevo operativo a cargo de los servicios delMinisterio de Justicia, formul\u00f3 la Seremi del ramo, Michelle Peutat Alvarado, con motivo de&#8230; <a class=\"read-more\" href=\"https:\/\/www.radiopresidenteibanez.cl\/web\/plaza-de-justicia-brindara-atenciones-este-jueves-18-en-cesfam-carlos-ibanez\/\">Leer m\u00e1s<\/a><\/p>\n","protected":false},"author":2,"featured_media":49847,"comment_status":"closed","ping_status":"closed","sticky":false,"template":"","format":"standard","meta":{"footnotes":""},"categories":[1],"tags":[],"class_list":["post-49846","post","type-post","status-publish","format-standard","has-post-thumbnail","hentry","category-cronica"],"_links":{"self":[{"href":"https:\/\/www.radiopresidenteibanez.cl\/web\/wp-json\/wp\/v2\/posts\/49846","targetHints":{"allow":["GET"]}}],"collection":[{"href":"https:\/\/www.radiopresidenteibanez.cl\/web\/wp-json\/wp\/v2\/posts"}],"about":[{"href":"https:\/\/www.radiopresidenteibanez.cl\/web\/wp-json\/wp\/v2\/types\/post"}],"author":[{"embeddable":true,"href":"https:\/\/www.radiopresidenteibanez.cl\/web\/wp-json\/wp\/v2\/users\/2"}],"replies":[{"embeddable":true,"href":"https:\/\/www.radiopresidenteibanez.cl\/web\/wp-json\/wp\/v2\/comments?post=49846"}],"version-history":[{"count":0,"href":"https:\/\/www.radiopresidenteibanez.cl\/web\/wp-json\/wp\/v2\/posts\/49846\/revisions"}],"wp:featuredmedia":[{"embeddable":true,"href":"https:\/\/www.radiopresidenteibanez.cl\/web\/wp-json\/wp\/v2\/media\/49847"}],"wp:attachment":[{"href":"https:\/\/www.radiopresidenteibanez.cl\/web\/wp-json\/wp\/v2\/media?parent=49846"}],"wp:term":[{"taxonomy":"category","embeddable":true,"href":"https:\/\/www.radiopresidenteibanez.cl\/web\/wp-json\/wp\/v2\/categories?post=49846"},{"taxonomy":"post_tag","embeddable":true,"href":"https:\/\/www.radiopresidenteibanez.cl\/web\/wp-json\/wp\/v2\/tags?post=49846"}],"curies":[{"name":"wp","href":"https:\/\/api.w.org\/{rel}","templated":true}]}}