{"id":49807,"date":"2024-07-12T16:39:00","date_gmt":"2024-07-12T19:39:00","guid":{"rendered":"https:\/\/www.radiopresidenteibanez.cl\/web\/?p=49807"},"modified":"2024-07-12T11:38:07","modified_gmt":"2024-07-12T14:38:07","slug":"comision-del-fondo-para-organizaciones-de-la-segegob-adjudico-proyectos-en-las-4-provincias-de-la-region","status":"publish","type":"post","link":"https:\/\/www.radiopresidenteibanez.cl\/web\/comision-del-fondo-para-organizaciones-de-la-segegob-adjudico-proyectos-en-las-4-provincias-de-la-region\/","title":{"rendered":"COMISION DEL FONDO PARA ORGANIZACIONES DE LA SEGEGOB ADJUDICO PROYECTOS EN LAS 4 PROVINCIAS DE LA REGION"},"content":{"rendered":"\n<p>Etapa de Priorizaci\u00f3n y Adjudicaci\u00f3n, fue la que realiz\u00f3 el Consejo Regional del Fondo<br>de Fortalecimiento para Organizaciones de Inter\u00e9s P\u00fablico de la Seremi de Gobierno,<br>integrada por el secretario regional ministerial de Gobierno, Andro Mimica junto a<br>representantes de la sociedad civil y de Gobierno. Dichos integrantes tuvieron la<br>misi\u00f3n de determinar criterios para priorizar los proyectos presentados y adjudicar de<br>acuerdo a los recursos disponibles para cada modalidad: Local, Regional y Ni\u00f1ez.<br>\u201cAcabamos de termina la comisi\u00f3n de los fondos de fortalecimientos de organizaciones<br>sociales, donde fueron analizados proyectos en distintas \u00e1reas, culturales, deportivas,<br>de salud, medio ambiente, entre otras, y en donde buscamos la priorizaci\u00f3n.<br>Nuevamente logramos llegar con la adjudicaci\u00f3n a las 4 provincias. El pr\u00f3ximo 17 de<br>julio va a estar la n\u00f3mina de todos los proyectos. Estamos contentos por el acuerdo de<br>priorizaci\u00f3n al que hemos llegado con la comisi\u00f3n\u201d, sostuvo el seremi de Gobierno,<br>Andro Mimica.<br>Para este a\u00f1o, por bases se estableci\u00f3 priorizar los mejores proyectos por calificaci\u00f3n<br>t\u00e9cnica de cada provincia, destacando un criterio de territorialidad. Despu\u00e9s se<br>definieron criterios en conjunto y con aprobaci\u00f3n un\u00e1nime, como la priorizaci\u00f3n de<br>notas, definici\u00f3n de tem\u00e1ticas, y otras, a modo de que la adjudicaci\u00f3n resulte m\u00e1s<br>diversa y puedan abordarse m\u00e1s \u00e1reas de intervenci\u00f3n en la comunidad.<br>Cesar Saavedra, integrante de la comisi\u00f3n, y voluntario de la ONG SAR (Salvamento,<br>Ayuda Humanitaria y Rescate en Emergencias y Desastres), sostuvo \u201clo que m\u00e1s me<br>llamo la atenci\u00f3n es focalizar los recursos, porque son muchas las organizaciones<br>sociales que participaron. Creo que ocupamos los mejores criterios para entregar los<br>recursos. Hay harto proyecto muy bueno, eso es bueno tambi\u00e9n. Espero que lo<br>puedan materializar en tiempo y forma, y mantengan la capacidad de seguir<br>conectados con estos proyectos, y que de verdad genere el impacto que se est\u00e1<br>buscando\u201d.<br>Luisa Quezada, presidenta de la Junta de Vecinos N\u00b0 22, sostuvo: \u201cA\u00fan no podemos<br>decir los ganadores, pero me parece estupendo que existan estos fondos que pueden<br>apoyar a las organizaciones con sus ideas. De verdad, hay iniciativas muy<br>interesantes\u201d.<br>El pr\u00f3ximo 17 de julio es la publicaci\u00f3n de los proyectos adjudicados, luego<br>corresponde la firma de convenio y transferencia de recursos a las organizaciones<br>ganadoras. Durante agosto y octubre se realiza la ejecuci\u00f3n y seguimiento de las<br>iniciativas, y finalmente, a fin de a\u00f1o la rendici\u00f3n financiera y cierre.<\/p>\n\n\n\n<p>Este a\u00f1o la Secretaria Regional de Gobierno recibi\u00f3 un total de 89 postulaciones en las<br>modalidades local, regional y una nueva l\u00ednea de Participaci\u00f3n ciudadana de ni\u00f1ez y<br>adolescencia, financiada con recursos de la Subsecretar\u00eda de la Ni\u00f1ez.<\/p>\n","protected":false},"excerpt":{"rendered":"<p>Etapa de Priorizaci\u00f3n y Adjudicaci\u00f3n, fue la que realiz\u00f3 el Consejo Regional del Fondode Fortalecimiento para Organizaciones de Inter\u00e9s P\u00fablico de la Seremi de Gobierno,integrada por el secretario regional ministerial&#8230; <a class=\"read-more\" href=\"https:\/\/www.radiopresidenteibanez.cl\/web\/comision-del-fondo-para-organizaciones-de-la-segegob-adjudico-proyectos-en-las-4-provincias-de-la-region\/\">Leer m\u00e1s<\/a><\/p>\n","protected":false},"author":2,"featured_media":49808,"comment_status":"closed","ping_status":"closed","sticky":false,"template":"","format":"standard","meta":{"footnotes":""},"categories":[1],"tags":[],"class_list":["post-49807","post","type-post","status-publish","format-standard","has-post-thumbnail","hentry","category-cronica"],"_links":{"self":[{"href":"https:\/\/www.radiopresidenteibanez.cl\/web\/wp-json\/wp\/v2\/posts\/49807","targetHints":{"allow":["GET"]}}],"collection":[{"href":"https:\/\/www.radiopresidenteibanez.cl\/web\/wp-json\/wp\/v2\/posts"}],"about":[{"href":"https:\/\/www.radiopresidenteibanez.cl\/web\/wp-json\/wp\/v2\/types\/post"}],"author":[{"embeddable":true,"href":"https:\/\/www.radiopresidenteibanez.cl\/web\/wp-json\/wp\/v2\/users\/2"}],"replies":[{"embeddable":true,"href":"https:\/\/www.radiopresidenteibanez.cl\/web\/wp-json\/wp\/v2\/comments?post=49807"}],"version-history":[{"count":0,"href":"https:\/\/www.radiopresidenteibanez.cl\/web\/wp-json\/wp\/v2\/posts\/49807\/revisions"}],"wp:featuredmedia":[{"embeddable":true,"href":"https:\/\/www.radiopresidenteibanez.cl\/web\/wp-json\/wp\/v2\/media\/49808"}],"wp:attachment":[{"href":"https:\/\/www.radiopresidenteibanez.cl\/web\/wp-json\/wp\/v2\/media?parent=49807"}],"wp:term":[{"taxonomy":"category","embeddable":true,"href":"https:\/\/www.radiopresidenteibanez.cl\/web\/wp-json\/wp\/v2\/categories?post=49807"},{"taxonomy":"post_tag","embeddable":true,"href":"https:\/\/www.radiopresidenteibanez.cl\/web\/wp-json\/wp\/v2\/tags?post=49807"}],"curies":[{"name":"wp","href":"https:\/\/api.w.org\/{rel}","templated":true}]}}