{"id":4980,"date":"2019-06-11T16:52:30","date_gmt":"2019-06-11T16:52:30","guid":{"rendered":"http:\/\/www.radiopresidenteibanez.cl\/web\/?p=4980"},"modified":"2019-06-11T16:52:39","modified_gmt":"2019-06-11T16:52:39","slug":"abigeato-en-magallanes-diputada-amar-solicita-a-interior-restitucion-de-reten-de-kon-aiken","status":"publish","type":"post","link":"https:\/\/www.radiopresidenteibanez.cl\/web\/abigeato-en-magallanes-diputada-amar-solicita-a-interior-restitucion-de-reten-de-kon-aiken\/","title":{"rendered":"ABIGEATO EN MAGALLANES: DIPUTADA AMAR SOLICITA A INTERIOR RESTITUCI\u00d3N DE RET\u00c9N DE KON AIKEN"},"content":{"rendered":"\n<p>Durante la tarde de este lunes, la diputada UDI, Sandra Amar\nlleg\u00f3 hasta La Moneda, para sostener una reuni\u00f3n con el Subsecretario del\nInterior Rodrigo Ubilla. En esta instancia, la parlamentaria gremialista\nexpres\u00f3 su preocupaci\u00f3n por el abigeato, un problema que no cede en Magallanes\ny por lo cual, recientemente se constituy\u00f3 una mesa de trabajo en conjunto con\nCarabineros y el sector ganadero.<\/p>\n\n\n\n<p>\u201cPusimos al Subsecretario Ubilla al tanto de la mesa que\nhemos conformado, pero tambi\u00e9n le transmitimos las inquietudes de los ganaderos\nrespecto a la necesidad de contar con una mayor prevenci\u00f3n y que, en esa l\u00ednea,\nrestituir el ret\u00e9n de Kon Aike es fundamental\u201d.<\/p>\n\n\n\n<p>Amar se\u00f1al\u00f3 adem\u00e1s que \u201ceste ha sido un basti\u00f3n importante\nen la lucha contra el robo de ganado en los campos aleda\u00f1os y otros no tan\ncercanos, por lo que es fundamental restituirlo cuanto antes\u201d.<\/p>\n\n\n\n<p>Por su parte, el Subsecretario, Rodrigo Ubilla reconoci\u00f3 que\neste es un tema que afecta de manera significativa a los ganaderos de\nMagallanes y comprometi\u00f3 gestiones para apoyar la acci\u00f3n preventiva:\n\u201cconversar\u00e9 con el General de Zona para que se refuercen las medidas\npreventivas y para que la presencia de carabineros sea activa en la mesa que ha\nimpulsado la diputada Amar respecto al tema. Estoy convencido que el trabajo en\nconjunto de la polic\u00eda y los ganaderos nos permitir\u00e1 salir adelante\u201d.<\/p>\n\n\n\n<p>Finalmente, el Subsecretario del Interior, agradeci\u00f3 la\npreocupaci\u00f3n de Sandra Amar respecto a este tema e hizo un llamado a denunciar\neste delito ya que, a su juicio, el abigeato ha generado un c\u00edrculo vicioso:\n\u201csi no se denuncia, no hay actividad preventiva, si no hay actividad\npreventiva, se sigue robando ganado\u201d, finaliz\u00f3.<\/p>\n\n\n\n<p>Seg\u00fan el cronograma, de la oficia parlamentaria de Amar, la siguiente reuni\u00f3n de la mesa de abigeato est\u00e1 programa para la semana distrital de julio, instancia en la cual se dar\u00e1n a conocer los avances respecto al tema, incluyendo la restituci\u00f3n del ret\u00e9n de Kon Aiken.<\/p>\n\n\n\n<figure class=\"wp-block-image\"><img loading=\"lazy\" decoding=\"async\" width=\"900\" height=\"675\" src=\"https:\/\/www.radiopresidenteibanez.cl\/web\/wp-content\/uploads\/2019\/06\/image1.jpeg\" alt=\"\" class=\"wp-image-4981\" srcset=\"https:\/\/www.radiopresidenteibanez.cl\/web\/wp-content\/uploads\/2019\/06\/image1.jpeg 900w, https:\/\/www.radiopresidenteibanez.cl\/web\/wp-content\/uploads\/2019\/06\/image1-300x225.jpeg 300w, https:\/\/www.radiopresidenteibanez.cl\/web\/wp-content\/uploads\/2019\/06\/image1-768x576.jpeg 768w\" sizes=\"auto, (max-width: 900px) 100vw, 900px\" \/><\/figure>\n","protected":false},"excerpt":{"rendered":"<p>Durante la tarde de este lunes, la diputada UDI, Sandra Amar lleg\u00f3 hasta La Moneda, para sostener una reuni\u00f3n con el Subsecretario del Interior Rodrigo Ubilla. En esta instancia, la&#8230; <a class=\"read-more\" href=\"https:\/\/www.radiopresidenteibanez.cl\/web\/abigeato-en-magallanes-diputada-amar-solicita-a-interior-restitucion-de-reten-de-kon-aiken\/\">Leer m\u00e1s<\/a><\/p>\n","protected":false},"author":2,"featured_media":4981,"comment_status":"closed","ping_status":"closed","sticky":false,"template":"","format":"standard","meta":{"footnotes":""},"categories":[1],"tags":[],"class_list":["post-4980","post","type-post","status-publish","format-standard","has-post-thumbnail","hentry","category-cronica"],"_links":{"self":[{"href":"https:\/\/www.radiopresidenteibanez.cl\/web\/wp-json\/wp\/v2\/posts\/4980","targetHints":{"allow":["GET"]}}],"collection":[{"href":"https:\/\/www.radiopresidenteibanez.cl\/web\/wp-json\/wp\/v2\/posts"}],"about":[{"href":"https:\/\/www.radiopresidenteibanez.cl\/web\/wp-json\/wp\/v2\/types\/post"}],"author":[{"embeddable":true,"href":"https:\/\/www.radiopresidenteibanez.cl\/web\/wp-json\/wp\/v2\/users\/2"}],"replies":[{"embeddable":true,"href":"https:\/\/www.radiopresidenteibanez.cl\/web\/wp-json\/wp\/v2\/comments?post=4980"}],"version-history":[{"count":0,"href":"https:\/\/www.radiopresidenteibanez.cl\/web\/wp-json\/wp\/v2\/posts\/4980\/revisions"}],"wp:featuredmedia":[{"embeddable":true,"href":"https:\/\/www.radiopresidenteibanez.cl\/web\/wp-json\/wp\/v2\/media\/4981"}],"wp:attachment":[{"href":"https:\/\/www.radiopresidenteibanez.cl\/web\/wp-json\/wp\/v2\/media?parent=4980"}],"wp:term":[{"taxonomy":"category","embeddable":true,"href":"https:\/\/www.radiopresidenteibanez.cl\/web\/wp-json\/wp\/v2\/categories?post=4980"},{"taxonomy":"post_tag","embeddable":true,"href":"https:\/\/www.radiopresidenteibanez.cl\/web\/wp-json\/wp\/v2\/tags?post=4980"}],"curies":[{"name":"wp","href":"https:\/\/api.w.org\/{rel}","templated":true}]}}