{"id":49756,"date":"2024-07-10T18:53:00","date_gmt":"2024-07-10T21:53:00","guid":{"rendered":"https:\/\/www.radiopresidenteibanez.cl\/web\/?p=49756"},"modified":"2024-07-10T15:41:59","modified_gmt":"2024-07-10T18:41:59","slug":"ministro-de-hacienda-compromete-mesa-de-trabajo-con-gobiernos-regionales-para-destrabar-ejecucion-presupuestaria","status":"publish","type":"post","link":"https:\/\/www.radiopresidenteibanez.cl\/web\/ministro-de-hacienda-compromete-mesa-de-trabajo-con-gobiernos-regionales-para-destrabar-ejecucion-presupuestaria\/","title":{"rendered":"MINISTRO DE HACIENDA COMPROMETE MESA DE TRABAJO CON GOBIERNOS REGIONALES PARA DESTRABAR EJECUCION PRESUPUESTARIA"},"content":{"rendered":"\n<p>Las autoridades regionales del pa\u00eds, electas democr\u00e1ticamente, se reunieron en la regi\u00f3n de O\u2019Higgins en el marco de la octava versi\u00f3n del Encuentro Nacional de Gobernadores y Gobernadoras de Chile, donde trabajaron en la descentralizaci\u00f3n del pa\u00eds y abordaron las diversas problem\u00e1ticas que les afectan actualmente. Al evento tambi\u00e9n asisti\u00f3 el ministro de Hacienda, Mario Marcel, con quien sostuvieron una reuni\u00f3n.<\/p>\n\n\n\n<p>Entre los principales temas que se abordaron en la jornada estuvieron la descentralizaci\u00f3n, las dificultades para ejecutar sus presupuestos y la b\u00fasqueda de una f\u00f3rmula para destrabar la burocracia administrativa a nivel de la Direcci\u00f3n de Presupuesto (Dipres), que est\u00e1 siendo la mayor traba que est\u00e1n enfrentando.<\/p>\n\n\n\n<p>El ministro de Hacienda, Mario Marcel, evalu\u00f3 de manera positiva la instancia, se\u00f1alando que \u201cesta ha sido una reuni\u00f3n que ha servido para para evaluar qu\u00e9 es lo que ha estado ocurriendo durante este a\u00f1o con lo que es la gesti\u00f3n presupuestaria, considerando sobre todo que en el presupuesto para el 2024 se introdujeron muchas modificaciones, unas planteadas por el Ejecutivo, otras que las plantearon los parlamentarios. Por lo tanto, este es un buen momento para evaluar qu\u00e9 es lo que ha funcionado bien y qu\u00e9 es lo que ha generado m\u00e1s dificultades, esto de cara al siguiente proceso\u201d.<\/p>\n\n\n\n<p>De acuerdo con la autoridad de Gobierno, se acord\u00f3 establecer una instancia que permita hacer un an\u00e1lisis sistem\u00e1tico de todas las dificultades que enfrentan los gobiernos regionales. Esto, con la finalidad de llegar mejor perfilados a la discusi\u00f3n de la ley de Presupuesto para el a\u00f1o 2025, tomando los aprendizajes adquiridos a la fecha.<\/p>\n\n\n\n<p>Al respecto, el Gobernador de Valpara\u00edso y presidente de la Asociaci\u00f3n de Gobernadores y Gobernadoras de Chile (AGORECHI), Rodrigo Mundaca, indic\u00f3 que en esta reuni\u00f3n pudieron establecer un di\u00e1logo franco con el ministro Mario Marcel.<\/p>\n\n\n\n<p>\u201cUn di\u00e1logo que tiene que ver b\u00e1sicamente con las dificultades que estamos enfrentando en la ejecuci\u00f3n presupuestaria, a prop\u00f3sito de las caracter\u00edsticas que tiene la ejecuci\u00f3n del presupuesto 2024, y que tiene una serie de cortapisas que han atentado contra la agilidad, suficiencia y autonom\u00eda del gasto p\u00fablico que administran los gobiernos regionales\u201d, expres\u00f3 la autoridad del GORE de Valpara\u00edso.<\/p>\n\n\n\n<p>Por su parte, Cristina Bravo, Gobernadora del Maule, expres\u00f3 que para ellos como autoridades regionales era fundamental tener este di\u00e1logo con el ministro, a\u00f1adiendo que \u201cera importante hacerle ver c\u00f3mo obstaculiza la ley de Presupuesto 2024 llegar con soluciones efectivas a los distintos territorios, sobre todo, cuando a nivel pa\u00eds hemos vivido distintas emergencias\u201d.<\/p>\n\n\n\n<p>Pablo Silva, Gobernador de O\u2019Higgins, se sum\u00f3 a los planteamientos de sus pares, se\u00f1alando que: \u201cnos interesa llegar lo antes posible a la gente y cuando hay demasiados tr\u00e1mites, mucha tardanza, pasa que los procesos son muy largos. Valoro la reuni\u00f3n de hoy d\u00eda con el ministro\u201d.<\/p>\n\n\n\n<p><strong>Burocracia administrativa<\/strong><\/p>\n\n\n\n<p>Otro de los puntos abordados con el ministro Marcel fue el rol de la Dipres. Para los GORES la Direcci\u00f3n de Presupuesto es la instancia que les est\u00e1 generando los principales problemas, en particular, por tomarse un tiempo excesivamente largo en sus procesos.<\/p>\n\n\n\n<p>Al respecto, el ministro de Hacienda se\u00f1al\u00f3 que: \u201cComo un criterio general en lo que se refiere a los controles, los controles siempre deber\u00edan estar estructurados en funci\u00f3n del riesgo del cual est\u00e1n tratando de hacerse cargo. No cualquier control, ni transacci\u00f3n u operaci\u00f3n de un gobierno regional es igual, y ese es un principio que deber\u00edamos ser capaces de reflejarlo mejor en la normativa\u201d.<\/p>\n\n\n\n<p><strong>Proyecto de ley de rentas regionales<\/strong><\/p>\n\n\n\n<p>Otro aspecto abordado en el evento tuvo que ver con el proyecto de ley de rentas regionales, una iniciativa clave para el proceso de descentralizaci\u00f3n. Al respecto, el ministro Marcel se\u00f1al\u00f3 que \u201ceste qued\u00f3 detenido el a\u00f1o pasado, antes de la discusi\u00f3n presupuestaria, sin embargo, es un proyecto que quisi\u00e9ramos reactivar, incorporando todas las lecciones que hemos aprendido de por medio para no dejarlo como un proceso inconcluso\u201d.<\/p>\n\n\n\n<p>Seg\u00fan detall\u00f3 la autoridad de Hacienda, este proyecto es la contrapartida natural a nivel administrativo, presupuestario y de transparencia tras implementarse la elecci\u00f3n democr\u00e1tica de los gobernadores regionales.<\/p>\n\n\n\n<p>\u201cEs cierto que han pasado cosas entre medio, eso nos deber\u00eda ayudar a mejorar lo que ah\u00ed est\u00e1 propuesto, pero no dejar abandonado una iniciativa que tiene un papel estrat\u00e9gico y una mirada a largo plazo que es imprescindible\u201d, revel\u00f3 Marcel.<\/p>\n\n\n\n<p><strong>Emergencia naturales y atribuciones<\/strong><\/p>\n\n\n\n<p>Otro tema que se abord\u00f3 en la reuni\u00f3n tuvo que ver con el presupuesto que se destina a emergencias. Seg\u00fan plante\u00f3 el Gobernador de Valpara\u00edso, la asignaci\u00f3n para este \u00edtem corresponde al 5% y el Gobierno les retira un 3%, sin embargo, a los GORES no se les informa el prop\u00f3sito o destino de estos recursos.<\/p>\n\n\n\n<p>\u201cNuestro planteamiento es que esos recursos deber\u00edan estar anidados en las regiones y deber\u00edan ser del arbitrio de las regiones, porque hoy d\u00eda objetivamente estamos enfrentando consecuencias que son bastante lamentables derivadas del cambio clim\u00e1tico, derivadas de fen\u00f3menos naturales como la lluvia, incendios, aluviones, etc. Discusiones que hoy tenemos con el gobierno central y que esperemos que tambi\u00e9n se pueda resolver de la mejor manera posible\u201d, detall\u00f3 Mundaca.<\/p>\n\n\n\n<p>Ante este cuestionamiento, el ministro Marcel&nbsp;<a>se\u00f1al\u00f3 que: \u201cEn el caso de las emergencias, uno tiene que tener claro, sobre todo desde lo que ha sido la experiencia reciente, que hay, por un lado, los temas que tienen que ver con prevenci\u00f3n y preparaci\u00f3n y otros que tienen que ver con c\u00f3mo se reacciona en lo inmediato cuando ocurre una emergencia o un desastre natural y otra cosa es la reconstrucci\u00f3n. Entonces, como Estado, hoy tenemos cierto desequilibrio en t\u00e9rmino de lo que hacemos al respecto. Tenemos desarrollado institucionalmente todo lo que es la respuesta inmediata, pero lo que es prevenci\u00f3n y lo que es reconstrucci\u00f3n, muchas veces, hemos tendido a improvisar o muchas veces postergar decisiones que son importantes. Entonces, creo que debemos tener esa visi\u00f3n m\u00e1s comprensiva de las cosas y tenemos que tener claridad de d\u00f3nde est\u00e1n las fortalezas relativas de los gobiernos regionales para poder darles las competencias que se requieren\u201d.&nbsp;<\/a><\/p>\n","protected":false},"excerpt":{"rendered":"<p>Las autoridades regionales del pa\u00eds, electas democr\u00e1ticamente, se reunieron en la regi\u00f3n de O\u2019Higgins en el marco de la octava versi\u00f3n del Encuentro Nacional de Gobernadores y Gobernadoras de Chile,&#8230; <a class=\"read-more\" href=\"https:\/\/www.radiopresidenteibanez.cl\/web\/ministro-de-hacienda-compromete-mesa-de-trabajo-con-gobiernos-regionales-para-destrabar-ejecucion-presupuestaria\/\">Leer m\u00e1s<\/a><\/p>\n","protected":false},"author":2,"featured_media":49757,"comment_status":"closed","ping_status":"closed","sticky":false,"template":"","format":"standard","meta":{"footnotes":""},"categories":[1],"tags":[],"class_list":["post-49756","post","type-post","status-publish","format-standard","has-post-thumbnail","hentry","category-cronica"],"_links":{"self":[{"href":"https:\/\/www.radiopresidenteibanez.cl\/web\/wp-json\/wp\/v2\/posts\/49756","targetHints":{"allow":["GET"]}}],"collection":[{"href":"https:\/\/www.radiopresidenteibanez.cl\/web\/wp-json\/wp\/v2\/posts"}],"about":[{"href":"https:\/\/www.radiopresidenteibanez.cl\/web\/wp-json\/wp\/v2\/types\/post"}],"author":[{"embeddable":true,"href":"https:\/\/www.radiopresidenteibanez.cl\/web\/wp-json\/wp\/v2\/users\/2"}],"replies":[{"embeddable":true,"href":"https:\/\/www.radiopresidenteibanez.cl\/web\/wp-json\/wp\/v2\/comments?post=49756"}],"version-history":[{"count":0,"href":"https:\/\/www.radiopresidenteibanez.cl\/web\/wp-json\/wp\/v2\/posts\/49756\/revisions"}],"wp:featuredmedia":[{"embeddable":true,"href":"https:\/\/www.radiopresidenteibanez.cl\/web\/wp-json\/wp\/v2\/media\/49757"}],"wp:attachment":[{"href":"https:\/\/www.radiopresidenteibanez.cl\/web\/wp-json\/wp\/v2\/media?parent=49756"}],"wp:term":[{"taxonomy":"category","embeddable":true,"href":"https:\/\/www.radiopresidenteibanez.cl\/web\/wp-json\/wp\/v2\/categories?post=49756"},{"taxonomy":"post_tag","embeddable":true,"href":"https:\/\/www.radiopresidenteibanez.cl\/web\/wp-json\/wp\/v2\/tags?post=49756"}],"curies":[{"name":"wp","href":"https:\/\/api.w.org\/{rel}","templated":true}]}}