{"id":49753,"date":"2024-07-10T17:23:00","date_gmt":"2024-07-10T20:23:00","guid":{"rendered":"https:\/\/www.radiopresidenteibanez.cl\/web\/?p=49753"},"modified":"2024-07-10T15:39:02","modified_gmt":"2024-07-10T18:39:02","slug":"xii-feria-medieval-ofrece-musica-teatro-y-talleres-este-fin-de-semana","status":"publish","type":"post","link":"https:\/\/www.radiopresidenteibanez.cl\/web\/xii-feria-medieval-ofrece-musica-teatro-y-talleres-este-fin-de-semana\/","title":{"rendered":"XII FERIA MEDIEVAL OFRECE MUSICA TEATRO Y TALLERES ESTE FIN DE SEMANA"},"content":{"rendered":"\n<p>Como en cada una de sus versiones, la Feria Medieval producida por la Sociedad Tolkien Magallanes ofrecer\u00e1 diversos n\u00fameros art\u00edsticos a quienes se quieran trasladar en el tiempo hasta el medioevo europeo durante tres d\u00edas en Punta Arenas. Viernes, s\u00e1bado y domingo desde las 15 a las 21 horas se desarrollar\u00e1 el evento con entrada liberada en el Liceo Luis Alberto Barrera de Punta Arenas.<br>\u201cEn los puestos de artesanas y artesanos se podr\u00e1 encontrar variados productos todos hechos a mano como obras textiles, de orfebrer\u00eda, tejidos, esculturas, ornamentaci\u00f3n hogare\u00f1a, velas, piezas de talabarter\u00eda y puestos de agroproductos. Incluso medicina natural y masaje tailand\u00e9s\u201d, coment\u00f3 el presidente de la Sociedad Tolkien Magallanes Otto Gesell Yasic.<br>Adem\u00e1s, contar\u00e1 como siempre con la taberna medieval, La Doncella Olvidada, donde las y los<br>asistentes pueden degustar delicias de la cocina tradicional de este periodo hist\u00f3rico como hidromiel y finas tortillas de harina de ma\u00edz con dulce de leche. Tambi\u00e9n se har\u00e1 presente el tradicional stand de arquer\u00eda.<br>Programaci\u00f3n<br>El evento -que cuenta con el financiamiento del ministerio de las Culturas, las Artes y el Patrimonio por medio de los fondos para los Puntos de Cultura Comunitaria- ofrece una variedad de espect\u00e1culos, empezando el viernes 12 d\u00eda en que se presentar\u00e1 en el escenario el grupo musical \u201cAnime and Game Ensemble\u201d. Asimismo, \u201cHeraldos del Fin del Mundo\u201d realizar\u00e1 una muestra de combate estilo medieval. Tambi\u00e9n ser\u00e1 el comienzo de la obra teatral \u2018Egidio el granjero de Ham\u2019.<br>El s\u00e1bado 13 iniciar\u00e1 la jornada la danza tribal de \u201cKaitek\u201d. Contin\u00faa la programaci\u00f3n con la<br>competencia a cargo del \u201cClub de Esgrima Austral\u201d. A las 17 horas est\u00e1 programado el concurso \u2018Mejor traje medieval\u2019 y posteriormente se ralizar\u00e1 la presentaci\u00f3n musical de \u201cUroaiken\u201d. Y finalmente la continuaci\u00f3n de la obra teatral.<br>Para el d\u00eda domingo 14 \u201cCuenteraustral\u201d ofrecer\u00e1 una muestra de lectura y declamaci\u00f3n. Tambi\u00e9n<br>habr\u00e1 Torneo de Espadas, y la parte final obra \u2018Egidio el granjero de Ham\u2019. El cierre de este encuentro organizado por el Punto de Cultura Comunitario Sociedad Tolkien Magallanes est\u00e1 a cargo del consolidado grupo de interpretaci\u00f3n de m\u00fasica celta \u201cAlbatros\u201d.<\/p>\n\n\n\n<p>Adem\u00e1s, en la feria se ofrecer\u00e1 talleres de confecci\u00f3n de velas (con cobro), taller de combate<br>deportivo, y lectura de cuentos para ni\u00f1as y ni\u00f1os gratuitos.<\/p>\n","protected":false},"excerpt":{"rendered":"<p>Como en cada una de sus versiones, la Feria Medieval producida por la Sociedad Tolkien Magallanes ofrecer\u00e1 diversos n\u00fameros art\u00edsticos a quienes se quieran trasladar en el tiempo hasta el&#8230; <a class=\"read-more\" href=\"https:\/\/www.radiopresidenteibanez.cl\/web\/xii-feria-medieval-ofrece-musica-teatro-y-talleres-este-fin-de-semana\/\">Leer m\u00e1s<\/a><\/p>\n","protected":false},"author":2,"featured_media":49754,"comment_status":"closed","ping_status":"closed","sticky":false,"template":"","format":"standard","meta":{"footnotes":""},"categories":[1],"tags":[],"class_list":["post-49753","post","type-post","status-publish","format-standard","has-post-thumbnail","hentry","category-cronica"],"_links":{"self":[{"href":"https:\/\/www.radiopresidenteibanez.cl\/web\/wp-json\/wp\/v2\/posts\/49753","targetHints":{"allow":["GET"]}}],"collection":[{"href":"https:\/\/www.radiopresidenteibanez.cl\/web\/wp-json\/wp\/v2\/posts"}],"about":[{"href":"https:\/\/www.radiopresidenteibanez.cl\/web\/wp-json\/wp\/v2\/types\/post"}],"author":[{"embeddable":true,"href":"https:\/\/www.radiopresidenteibanez.cl\/web\/wp-json\/wp\/v2\/users\/2"}],"replies":[{"embeddable":true,"href":"https:\/\/www.radiopresidenteibanez.cl\/web\/wp-json\/wp\/v2\/comments?post=49753"}],"version-history":[{"count":0,"href":"https:\/\/www.radiopresidenteibanez.cl\/web\/wp-json\/wp\/v2\/posts\/49753\/revisions"}],"wp:featuredmedia":[{"embeddable":true,"href":"https:\/\/www.radiopresidenteibanez.cl\/web\/wp-json\/wp\/v2\/media\/49754"}],"wp:attachment":[{"href":"https:\/\/www.radiopresidenteibanez.cl\/web\/wp-json\/wp\/v2\/media?parent=49753"}],"wp:term":[{"taxonomy":"category","embeddable":true,"href":"https:\/\/www.radiopresidenteibanez.cl\/web\/wp-json\/wp\/v2\/categories?post=49753"},{"taxonomy":"post_tag","embeddable":true,"href":"https:\/\/www.radiopresidenteibanez.cl\/web\/wp-json\/wp\/v2\/tags?post=49753"}],"curies":[{"name":"wp","href":"https:\/\/api.w.org\/{rel}","templated":true}]}}