{"id":49708,"date":"2024-07-09T11:43:00","date_gmt":"2024-07-09T14:43:00","guid":{"rendered":"https:\/\/www.radiopresidenteibanez.cl\/web\/?p=49708"},"modified":"2024-07-09T10:49:12","modified_gmt":"2024-07-09T13:49:12","slug":"corrida-nocturna-familiar-es-el-mayor-encuentro-deportivo-de-la-patagonia","status":"publish","type":"post","link":"https:\/\/www.radiopresidenteibanez.cl\/web\/corrida-nocturna-familiar-es-el-mayor-encuentro-deportivo-de-la-patagonia\/","title":{"rendered":"CORRIDA NOCTURNA FAMILIAR ES EL MAYOR ENCUENTRO DEPORTIVO DE LA PATAGONIA"},"content":{"rendered":"\n<p>Para este 27 de julio se espera un record de participaci\u00f3n en la nueva versi\u00f3n de la Corrida Nocturna Familia que cada invierno organiza en Punta Arenas el Ministerio del Deporte y el Instituto Nacional de Deportes, esperando m\u00e1s de 5 mil participantes en todas las categor\u00edas, lo que la convierte en la mayor actividad deportiva de la Patagonia.<br>As\u00ed lo anunciaron las autoridades presentes en el lanzamiento de la 8va versi\u00f3n de esta prueba atl\u00e9tica que congrega a la familia magall\u00e1nica a recorrer la orilla del estrecho de Magallanes, participando de una de las distancias de 2,5, 5 y 10 kil\u00f3metros.<br>La actividad se realiz\u00f3 en el recinto de ZonAustral y cont\u00f3 con la presencia de autoridades regionales, patrocinadores y el equipo organizador de la Corrida Nocturna Familiar que despleg\u00f3 una atractiva presentaci\u00f3n y un video promocional indicando que todos y todas los que deseen participar deben inscribirse en la p\u00e1gina web www.ind.cl escogiendo una de las categor\u00edas.<br>El Delegado Presidencial de Magallanes, Jos\u00e9 Ruiz Pivcevic, junto con agradecer a las instituciones organizadoras y colaboradoras y empresas auspiciadoras indic\u00f3 que \u201cbien sabemos que ac\u00e1 en Magallanes las inclemencias del clima no es un impedimento para realizar la pr\u00e1ctica deportiva y en buena hora que sea as\u00ed, si estuvi\u00e9semos esperando el buen tiempo por supuesto que ser\u00eda mucho m\u00e1s sedentario y perdemos todos los beneficios que acarrea toda la actividad deportiva. Y justamente como se entiende de esta manera es que durante estas ocho versiones la cantidad de inscripciones va en notable aumento\u201d.<br>El Seremi del Deporte, Alejandro Olate Levet, expres\u00f3 su felicidad al se\u00f1alar que \u201clos grupos de<br>deportistas y las familias se acercan a un macro evento como \u00e9ste y colocan lo mejor de s\u00ed para poder lograrlo, que el n\u00famero de participantes vaya en aumento sistem\u00e1ticamente es porque las cosas se han hecho bien, es porque se han motivado bien, es porque hay un recurso asociado que nos hace tener una identidad en nuestra regi\u00f3n con una actividad en particular como es esta, una de las m\u00e1s grandes de la Patagonia chileno-argentina\u201d.<br>Cabe recordar que en su 1\u00b0 versi\u00f3n realizada el a\u00f1o 2015 la Corrida Nocturna Familiar convoc\u00f3 a<br>cuatrocientos personas, mientras que en la \u00faltima versi\u00f3n realizada el a\u00f1o pasado alcanz\u00f3 la cifra de m\u00e1s de cuatro mil quinientas personas.<br>Durante la presentaci\u00f3n se indic\u00f3 que la entrega de n\u00fameros y poleras se realizar\u00e1 los d\u00edas 25 y 26 de julio en el gimnasio fiscal de Punta Arenas, mientras que la carrera se realizar\u00e1 el 27 de julio desde la plaza V Centenario de la Costanera del Estrecho.<br>Respecto a la programaci\u00f3n se inform\u00f3 que la prueba recreativa y deportiva comenzar\u00e1 con un<br>calentamiento de baile entretenido a las 18 horas y en el sector de las canchas los presentes podr\u00e1n disfrutar de un chocolate caliente y contar con servicios de guardarrop\u00eda, enfermer\u00eda, punto de hidrataci\u00f3n y evacuaci\u00f3n m\u00e9dica de ser necesario.<br>En tanto la largada se dar\u00e1 a las 19 hrs, momento en que se encender\u00e1n las linternas de miles de<br>entusiastas que desafiar\u00e1n una distancia y el habitual clima del invierno austral que este a\u00f1o se ha expresado con m\u00e1s fuerza en el extremo sur del pa\u00eds.<br>El Director del IND Magallanes, H\u00e9ctor Serka Kusanovic dirigi\u00e9ndose al p\u00fablico presente, en especial a los deportistas indic\u00f3 que \u201ceste evento masivo deportivo se ha instalado como un hito regional del deporte y actividad f\u00edsica, el cual abre puertas y genera espacios de participaci\u00f3n masiva familiar en un ambiente seguro, donde se re\u00fanen ni\u00f1as\/os, j\u00f3venes, personas con movilidad reducida, adultos y personas mayores para compartir el deporte a trav\u00e9s del running o corrida en todos sus tipos de experiencia, desde amateur, ocasionales o profesionales\u201d.<\/p>\n","protected":false},"excerpt":{"rendered":"<p>Para este 27 de julio se espera un record de participaci\u00f3n en la nueva versi\u00f3n de la Corrida Nocturna Familia que cada invierno organiza en Punta Arenas el Ministerio del&#8230; <a class=\"read-more\" href=\"https:\/\/www.radiopresidenteibanez.cl\/web\/corrida-nocturna-familiar-es-el-mayor-encuentro-deportivo-de-la-patagonia\/\">Leer m\u00e1s<\/a><\/p>\n","protected":false},"author":2,"featured_media":49709,"comment_status":"closed","ping_status":"closed","sticky":false,"template":"","format":"standard","meta":{"footnotes":""},"categories":[1],"tags":[],"class_list":["post-49708","post","type-post","status-publish","format-standard","has-post-thumbnail","hentry","category-cronica"],"_links":{"self":[{"href":"https:\/\/www.radiopresidenteibanez.cl\/web\/wp-json\/wp\/v2\/posts\/49708","targetHints":{"allow":["GET"]}}],"collection":[{"href":"https:\/\/www.radiopresidenteibanez.cl\/web\/wp-json\/wp\/v2\/posts"}],"about":[{"href":"https:\/\/www.radiopresidenteibanez.cl\/web\/wp-json\/wp\/v2\/types\/post"}],"author":[{"embeddable":true,"href":"https:\/\/www.radiopresidenteibanez.cl\/web\/wp-json\/wp\/v2\/users\/2"}],"replies":[{"embeddable":true,"href":"https:\/\/www.radiopresidenteibanez.cl\/web\/wp-json\/wp\/v2\/comments?post=49708"}],"version-history":[{"count":0,"href":"https:\/\/www.radiopresidenteibanez.cl\/web\/wp-json\/wp\/v2\/posts\/49708\/revisions"}],"wp:featuredmedia":[{"embeddable":true,"href":"https:\/\/www.radiopresidenteibanez.cl\/web\/wp-json\/wp\/v2\/media\/49709"}],"wp:attachment":[{"href":"https:\/\/www.radiopresidenteibanez.cl\/web\/wp-json\/wp\/v2\/media?parent=49708"}],"wp:term":[{"taxonomy":"category","embeddable":true,"href":"https:\/\/www.radiopresidenteibanez.cl\/web\/wp-json\/wp\/v2\/categories?post=49708"},{"taxonomy":"post_tag","embeddable":true,"href":"https:\/\/www.radiopresidenteibanez.cl\/web\/wp-json\/wp\/v2\/tags?post=49708"}],"curies":[{"name":"wp","href":"https:\/\/api.w.org\/{rel}","templated":true}]}}