{"id":49704,"date":"2024-07-09T10:25:00","date_gmt":"2024-07-09T13:25:00","guid":{"rendered":"https:\/\/www.radiopresidenteibanez.cl\/web\/?p=49704"},"modified":"2024-07-09T08:56:39","modified_gmt":"2024-07-09T11:56:39","slug":"centro-izquierda-entrego-apoyo-total-a-la-independiente-veronica-aguilar-para-enfrentar-elecciones-municipales-en-punta-arenas","status":"publish","type":"post","link":"https:\/\/www.radiopresidenteibanez.cl\/web\/centro-izquierda-entrego-apoyo-total-a-la-independiente-veronica-aguilar-para-enfrentar-elecciones-municipales-en-punta-arenas\/","title":{"rendered":"CENTRO IZQUIERDA ENTREGO APOYO TOTAL A LA INDEPENDIENTE VERONICA AGUILAR PARA ENFRENTAR ELECCIONES MUNICIPALES EN PUNTA ARENAS"},"content":{"rendered":"\n<p>En un evento significativo realizado frente al municipio, los partidos pol\u00edticos de la centro izquierda reafirmaron su \u00abapoyo total\u00bb a la candidata independiente Ver\u00f3nica Aguilar Mart\u00ednez.&nbsp; La actual concejala de Punta Arenas se presenta como la \u00fanica representante del sector progresista y postulante al cargo de alcalde en las pr\u00f3ximas elecciones municipales del 27 de octubre.<\/p>\n\n\n\n<p>El anuncio cont\u00f3 con la presencia de representantes de todos los partidos pol\u00edticos de centro izquierda, destacando la unidad y el respaldo conjunto hacia Aguilar. En su discurso, Ver\u00f3nica Aguilar valor\u00f3 el apoyo recibido y subray\u00f3 la importancia de esta unidad para abordar los problemas de la comuna.<\/p>\n\n\n\n<p>\u00abEso es lo que necesita la comuna: unidad para relevar y abordar los problemas de los ciudadanos. Tenemos un proyecto moderno, participativo y ciudadano. Hace mucho tiempo no se ve\u00eda esta unidad y trabajo en equipo. Ya estamos trabajando con un plan tem\u00e1tico \u00ab, expres\u00f3 Aguilar.<\/p>\n\n\n\n<p>La candidatura independiente de Ver\u00f3nica Aguilar ha recibido un fuerte respaldo de las organizaciones sociales, consolid\u00e1ndose como un proyecto ciudadano.<br>\u201cNuestra aspiraci\u00f3n es construir una comuna mejor: m\u00e1s segura, progresista y orgullosa de su identidad. Para lograrlo, presentaremos nuestro programa comunal en el momento que la ley lo permita\u201d, precis\u00f3.<\/p>\n\n\n\n<p>Aunque el plan detallado ser\u00e1 presentado a la comunidad de manera transparente en su debido momento, Aguilar adelant\u00f3 que los ejes tem\u00e1ticos principales incluyen la seguridad, la reactivaci\u00f3n econ\u00f3mica, social, y la modernizaci\u00f3n del municipio, asegurando que la opini\u00f3n y participaci\u00f3n ciudadana ser\u00e1n pilares fundamentales.<\/p>\n\n\n\n<p>Con esta candidatura, Ver\u00f3nica Aguilar y la centro izquierda buscan trabajar de manera conjunta para construir un municipio m\u00e1s inclusivo, seguro y pr\u00f3spero para todos los habitantes de Punta Arenas.<\/p>\n\n\n\n<p>Finalmente, Aguilar destac\u00f3 que ya recibieron el oficio del Tribunal Constitucional que valida las primaras y la deja hoy como la \u00fanica candidata inscrita a la fecha.<\/p>\n","protected":false},"excerpt":{"rendered":"<p>En un evento significativo realizado frente al municipio, los partidos pol\u00edticos de la centro izquierda reafirmaron su \u00abapoyo total\u00bb a la candidata independiente Ver\u00f3nica Aguilar Mart\u00ednez.&nbsp; La actual concejala de&#8230; <a class=\"read-more\" href=\"https:\/\/www.radiopresidenteibanez.cl\/web\/centro-izquierda-entrego-apoyo-total-a-la-independiente-veronica-aguilar-para-enfrentar-elecciones-municipales-en-punta-arenas\/\">Leer m\u00e1s<\/a><\/p>\n","protected":false},"author":2,"featured_media":49705,"comment_status":"closed","ping_status":"closed","sticky":false,"template":"","format":"standard","meta":{"footnotes":""},"categories":[1],"tags":[],"class_list":["post-49704","post","type-post","status-publish","format-standard","has-post-thumbnail","hentry","category-cronica"],"_links":{"self":[{"href":"https:\/\/www.radiopresidenteibanez.cl\/web\/wp-json\/wp\/v2\/posts\/49704","targetHints":{"allow":["GET"]}}],"collection":[{"href":"https:\/\/www.radiopresidenteibanez.cl\/web\/wp-json\/wp\/v2\/posts"}],"about":[{"href":"https:\/\/www.radiopresidenteibanez.cl\/web\/wp-json\/wp\/v2\/types\/post"}],"author":[{"embeddable":true,"href":"https:\/\/www.radiopresidenteibanez.cl\/web\/wp-json\/wp\/v2\/users\/2"}],"replies":[{"embeddable":true,"href":"https:\/\/www.radiopresidenteibanez.cl\/web\/wp-json\/wp\/v2\/comments?post=49704"}],"version-history":[{"count":0,"href":"https:\/\/www.radiopresidenteibanez.cl\/web\/wp-json\/wp\/v2\/posts\/49704\/revisions"}],"wp:featuredmedia":[{"embeddable":true,"href":"https:\/\/www.radiopresidenteibanez.cl\/web\/wp-json\/wp\/v2\/media\/49705"}],"wp:attachment":[{"href":"https:\/\/www.radiopresidenteibanez.cl\/web\/wp-json\/wp\/v2\/media?parent=49704"}],"wp:term":[{"taxonomy":"category","embeddable":true,"href":"https:\/\/www.radiopresidenteibanez.cl\/web\/wp-json\/wp\/v2\/categories?post=49704"},{"taxonomy":"post_tag","embeddable":true,"href":"https:\/\/www.radiopresidenteibanez.cl\/web\/wp-json\/wp\/v2\/tags?post=49704"}],"curies":[{"name":"wp","href":"https:\/\/api.w.org\/{rel}","templated":true}]}}