{"id":49672,"date":"2024-07-08T08:36:27","date_gmt":"2024-07-08T11:36:27","guid":{"rendered":"https:\/\/www.radiopresidenteibanez.cl\/web\/?p=49672"},"modified":"2024-07-08T08:36:31","modified_gmt":"2024-07-08T11:36:31","slug":"un-fantasma-recorre-europa","status":"publish","type":"post","link":"https:\/\/www.radiopresidenteibanez.cl\/web\/un-fantasma-recorre-europa\/","title":{"rendered":"UN FANTASMA RECORRE EUROPA"},"content":{"rendered":"\n<p>Un fantasma recorre Europa, esta vez no es el fantasma del comunismo, como anunciaba Karl Marx en 1848. Sucesivas elecciones parlamentarias, en Inglaterra y Francia, tienen a sus habitantes en vilo, ante la arremetida de opciones ultra conservadoras. En Inglaterra, la duda se resolvi\u00f3 r\u00e1pido, poniendo fin a catorce a\u00f1os de gobiernos conservadores. Se atribuye al BREXIT impulsado por este sector, la complicada situaci\u00f3n econ\u00f3mica, bajo crecimiento, desempleo, alto costo de la vida, que azota a los asalariados y a una menguada clase media. El Partido Laborista brit\u00e1nico, triunf\u00f3 maciza e inapelablemente, obteniendo 412 esca\u00f1os, frente a 121 del partido conservador. Su peor resultado electoral en la historia moderna de Inglaterra. Para formar<br>gobierno se requiere de una mayor\u00eda de 326 esca\u00f1os, las que los laboristas reunieron con creces. El rey Carlos III, encarg\u00f3 al l\u00edder laborista Keir Starmer, formar gobierno. De este modo, Starmer se convirti\u00f3 este viernes en primer ministro y procedi\u00f3 de inmediato a conformar su gabinete, el que fue convocado este s\u00e1bado a su primera sesi\u00f3n. Kier Starmer de 61 a\u00f1os, es un destacado abogado defensor de casos de DDHH, cuya labor fue reconocida por la corona brit\u00e1nica, quien le otorg\u00f3 el t\u00edtulo de caballero. El gabinete de Starmer, est\u00e1 integrado por un n\u00famero record de mujeres. De hecho, por primera vez en la historia inglesa, una mujer encabezar\u00e1 el ministerio de Hacienda, Rachel Reeves de 45 a\u00f1os. Ella es una reconocida economista que trabaj\u00f3 en el Banco de Inglaterra, ahora detentar\u00e1 el cargo de Canciller de Hacienda, el cual se remonta al siglo XVI, se considera el segundo m\u00e1s importante del gabinete despu\u00e9s del de primer ministro. La<br>Viceprimera Ministra oficial de Sir Keir Starmer, ser\u00e1 \u00c1ngela Rayner de 44 a\u00f1os, quien ejercer\u00e1 como Ministra de Igualdad Social, Vivienda y Comunidades.<br>El nuevo Ministro de Asuntos Exteriores es David Lammy, de 51 a\u00f1os, el primer brit\u00e1nico negro que asisti\u00f3 a la Facultad de Derecho de Harvard, en Estados Unidos. En sus estudios conoci\u00f3 a Barack Obama, que tambi\u00e9n estudiaba all\u00ed, y son amigos desde entonces. La ministra del interior es Yvette Cooper de 55 a\u00f1os, quien estar\u00e1 a cargo de materias fundamentales como la inmigraci\u00f3n y la actuaci\u00f3n policial. Ella ya tiene experiencia en el gabinete, durante los gobiernos de los primeros ministros laboristas Tony Blair y Gordon Brown. En la importante cartera de defensa, se nombr\u00f3 a otro ex integrante del gabinete de Tony Blair, es John Healey de 64 a\u00f1os, quien, en su momento, estuvo a favor de la guerra de Irak. En el ministerio de justicia, se design\u00f3 a Shabana Mahmood, quien fue la primera mujer musulmana elegida en la C\u00e1mara de los<br>Comunes en 2010, se ha pronunciado abiertamente en contra de la operaci\u00f3n militar israel\u00ed en la Franja de Gaza.<br>Por primera vez en la historia, m\u00e1s del 40% de los diputados laboristas en la c\u00e1mara de los Comunes son mujeres. Y el gabinete de Starmer es el que contiene el mayor n\u00famero de mujeres, en la historia de Inglaterra.<br>El gobierno laborista ha prometido restaurar la confianza en la pol\u00edtica y construir un \u00abgobierno de servicio\u00bb, y se ha propuesto cinco objetivos: impulsar el crecimiento econ\u00f3mico, promover las energ\u00edas limpias, reducir la delincuencia violenta, reformar la educaci\u00f3n y mejorar e invertir en el Servicio Nacional de Salud. Dentro del paquete de medidas que va a impulsar en lo inmediato, est\u00e1 rebajar la edad de voto a 16 a\u00f1os, nacionalizar el transporte p\u00fablico, reparar un mill\u00f3n de baches en las carreteras inglesas, construir nuevas prisiones, edificar 1,5 millones de nuevas viviendas, abogar por un alto el fuego inmediato en Gaza y cancelar el acuerdo de<br>deportaci\u00f3n de migrantes con Ruanda.<br>El descontento con los efectos econ\u00f3micos del BREXIT, y la dispersi\u00f3n de los votos conservadores entre varias opciones de derecha, catapult\u00f3 el triunfo laborista, que concentr\u00f3 la votaci\u00f3n del descontento.<br>En Francia, el presidente Macron, viendo, el crecimiento de votaci\u00f3n de la ultra derechista agrupaci\u00f3n nacional, que dirige Marine Le Pen, decidi\u00f3 adelantar las elecciones parlamentarias. En una primera vuelta efectuada hace unas semanas, se ratificaron los temores de Macron, y la agrupaci\u00f3n nacional obtuvo la primera mayor\u00eda, con cerca de un 33%. Las agrupaciones del progresismo y la centro derecha, obtuvieron magros resultados. Ante escenario, el presidente Macron, en conjunto con las fuerzas de izquierda y socialistas moderadas, de Francia convocaron a un Nuevo Frente Popular, para detener en las urnas, el avance de las ideas proto fascistas. La votaci\u00f3n de segunda vuelta se efectu\u00f3 este fin de semana, y todas las encuestas efectuadas a boca de urna, dan por vencedor al Nuevo Frente Popular, a la centro derecha de Macron, y muy distantes la agrupaci\u00f3n nacional de Marine Le pen. Es as\u00ed como la asamblea nacional, quedar\u00eda integrada en primer lugar por el NFP que obtiene entre 180 y 215 diputados, en segundo lugar, por el bloque macronista que alcanza de 150 a 180 diputados, y en tercer lugar la Agrupaci\u00f3n Nacional de ultraderecha de Marine Le Pen, que obtiene entre115 y 152 esca\u00f1os. Cifras en que concuerdan los cuatro principales centros de estudios de opini\u00f3n de Francia. Si bien ning\u00fan sector obtiene la mayor\u00eda necesaria para conformar gobierno por s\u00ed solo, la izquierda francesa, que obtuvo la primera mayor\u00eda, pretende liderar el futuro gobierno. El presidente Macron que permanecer\u00e1 en su cargo hasta 2027, y cuyo sector qued\u00f3 en segundo lugar en estas elecciones parlamentaria, no puede volver a disolver la asamblea nacional y convocar a nuevas elecciones, hasta dentro de un a\u00f1o. Por lo anterior, aguardar\u00e1 que se conforme la nueva asamblea nacional,<br>para ver que fuerza pol\u00edtica concita la mayor\u00eda, para llamarla a formar gobierno.<br>El claro resultado en Inglaterra, donde el partido laborista derrota con solidez al sector conservador, el triunfo del PSOE en Espa\u00f1a, y el notable resultado del Nuevo Frente Popular en Francia, implican una vuelta de tuerca al escenario pol\u00edtico europeo, donde se mira con preocupaci\u00f3n el avance de otrora peque\u00f1as agrupaciones de ultra derecha, que hoy disputan esca\u00f1os parlamentarios en varios pa\u00edses. El fuerte movimiento social, cultural y ciudadano, que se produjo en Francia, segunda econom\u00eda de la Uni\u00f3n Europea, para estas elecciones de segunda vuelta parlamentarias, impact\u00f3 directamente en los resultados. Como nunca antes, figuras del espect\u00e1culo e incluso famosos jugadores del futbol franc\u00e9s, llamaron a votar para<br>detener la alternativa ultra conservadora. En tanto en Alemania, primera econom\u00eda del bloque europeo, hasta los grandes conglomerados industriales, las marcas conocidas en el mundo entero, se unen a sus trabajadores pidiendo parar a la ultra derecha.<br>El viejo mundo, parece haber aprendido la lecci\u00f3n. Lecci\u00f3n que el nuevo mundo parece haber olvidado. En los Estados Unidos de Am\u00e9rica, ad portas de una vital elecci\u00f3n presidencial, todo indica que la alternativa ultra conservadora va a retornar a la Casa Blanca. De nada sirvi\u00f3 que se comprobar\u00e1 en distintas causas judiciales, la culpabilidad del ex presidente Trump en la comisi\u00f3n de delitos. De nada ha servido comprobar el uso y abuso de la mentira, como principal argumento de debate. El hombre es incombustible, y sus simpatizantes, fervientes y convencidos seguidores, que creen en todo lo que dice.<br>La alternativa dem\u00f3crata, que hace menos de cuatro a\u00f1os, fue capaz de derrotar con claridad a Trump en su intento de reelecci\u00f3n, hoy luce mermado en su capacidad f\u00edsica. Con reacciones preocupantemente lentas, y frases inconexas en los debates televisivos. Ante un desaf\u00edo may\u00fasculo como es la defensa de la democracia, las instituciones y los derechos civiles, est\u00e1 pendiente la respuesta de los dem\u00f3cratas norteamericanos.<br>Gobernantes incapaces deben ser reemplazados, por los electores, sean del color que sean y del pa\u00eds de que se trate. En buena hora, en todos los casos comentados, se trata de sociedades con reg\u00edmenes democr\u00e1ticos, donde los ciudadanos pueden opinar y discutir libremente, y pueden decidir con un l\u00e1piz y un papel, el destino de su pa\u00eds.<br>Saludamos a los pueblos de Inglaterra y de Francia, por su muestra de civismo, por la participaci\u00f3n masiva y entusiasta, y deseamos que sus gobiernos sean capaces de convocar a las amplias mayor\u00edas nacionales.<br>Ernesto Sep\u00falveda Tornero<\/p>\n","protected":false},"excerpt":{"rendered":"<p>Un fantasma recorre Europa, esta vez no es el fantasma del comunismo, como anunciaba Karl Marx en 1848. Sucesivas elecciones parlamentarias, en Inglaterra y Francia, tienen a sus habitantes en&#8230; <a class=\"read-more\" href=\"https:\/\/www.radiopresidenteibanez.cl\/web\/un-fantasma-recorre-europa\/\">Leer m\u00e1s<\/a><\/p>\n","protected":false},"author":2,"featured_media":49673,"comment_status":"closed","ping_status":"closed","sticky":false,"template":"","format":"standard","meta":{"footnotes":""},"categories":[1],"tags":[],"class_list":["post-49672","post","type-post","status-publish","format-standard","has-post-thumbnail","hentry","category-cronica"],"_links":{"self":[{"href":"https:\/\/www.radiopresidenteibanez.cl\/web\/wp-json\/wp\/v2\/posts\/49672","targetHints":{"allow":["GET"]}}],"collection":[{"href":"https:\/\/www.radiopresidenteibanez.cl\/web\/wp-json\/wp\/v2\/posts"}],"about":[{"href":"https:\/\/www.radiopresidenteibanez.cl\/web\/wp-json\/wp\/v2\/types\/post"}],"author":[{"embeddable":true,"href":"https:\/\/www.radiopresidenteibanez.cl\/web\/wp-json\/wp\/v2\/users\/2"}],"replies":[{"embeddable":true,"href":"https:\/\/www.radiopresidenteibanez.cl\/web\/wp-json\/wp\/v2\/comments?post=49672"}],"version-history":[{"count":0,"href":"https:\/\/www.radiopresidenteibanez.cl\/web\/wp-json\/wp\/v2\/posts\/49672\/revisions"}],"wp:featuredmedia":[{"embeddable":true,"href":"https:\/\/www.radiopresidenteibanez.cl\/web\/wp-json\/wp\/v2\/media\/49673"}],"wp:attachment":[{"href":"https:\/\/www.radiopresidenteibanez.cl\/web\/wp-json\/wp\/v2\/media?parent=49672"}],"wp:term":[{"taxonomy":"category","embeddable":true,"href":"https:\/\/www.radiopresidenteibanez.cl\/web\/wp-json\/wp\/v2\/categories?post=49672"},{"taxonomy":"post_tag","embeddable":true,"href":"https:\/\/www.radiopresidenteibanez.cl\/web\/wp-json\/wp\/v2\/tags?post=49672"}],"curies":[{"name":"wp","href":"https:\/\/api.w.org\/{rel}","templated":true}]}}