{"id":49669,"date":"2024-07-07T15:43:00","date_gmt":"2024-07-07T18:43:00","guid":{"rendered":"https:\/\/www.radiopresidenteibanez.cl\/web\/?p=49669"},"modified":"2024-07-07T14:09:11","modified_gmt":"2024-07-07T17:09:11","slug":"aprobado-decreto-que-da-inicio-a-la-expropiacion-de-terrenos-del-club-hipico-para-creacion-de-parque-urbano-en-punta-arenas","status":"publish","type":"post","link":"https:\/\/www.radiopresidenteibanez.cl\/web\/aprobado-decreto-que-da-inicio-a-la-expropiacion-de-terrenos-del-club-hipico-para-creacion-de-parque-urbano-en-punta-arenas\/","title":{"rendered":"Aprobado decreto que da inicio a la expropiaci\u00f3n de terrenos del Club H\u00edpico para creaci\u00f3n de Parque Urbano en Punta Arenas"},"content":{"rendered":"\n<p>En la Junta de Vecinos, el Delegado Presidencial Regional Jos\u00e9 Ruiz Pivcevic, junto al Seremi de Gobierno, Andro Mimica y el Seremi de Vivienda, Marco Uribe, informaron a la comunidad los avances en el marco de un futuro Parque Urbano para Punta Arenas.<br>Fue el d\u00eda jueves 27 del pasado mes, cuando en su visita a la regi\u00f3n, el Presidente de la Rep\u00fablica, Gabriel Boric Font, entregaba la noticia, que sorprendi\u00f3 positivamente a todos los presentes y luego a la comunidad magall\u00e1nica. \u201cel Presidente de la Rep\u00fablica, Gabriel Boric, hizo un muy importante anuncio que es la recuperaci\u00f3n del Club H\u00edpico para la comunidad, para que la capital regional de Punta Arenas pueda contar con un gran parque, \u00e1reas verdes, espacios p\u00fablicos. Por cierto, habr\u00e1 una discusi\u00f3n con la comunidad respecto a ciertas iniciativas que se puedan desarrollar, pero el Gobierno lo piensa como un parque p\u00fablico para la comunidad\u201d, explica el Delegado Presidencial, Jos\u00e9 Ruiz.<br>Una voluntad que est\u00e1 en consecuencia con lo anunciado por el Presidente en su Cuenta P\u00fablica, que enmarca este tema en el Plan de Ciudades Justas, y que releva el rol del Gobierno y del Estado en su conjunto, en la planificaci\u00f3n de las ciudades. Y es que un parque ubicado en el n\u00facleo urbano de una ciudad solo aporta beneficios a sus habitantes. En espec\u00edfico seg\u00fan informe, el lugar \u201cofrece condiciones inmejorables para la planificaci\u00f3n de un parque comunal, equipamientos de diversos tipos, espacios p\u00fablicos de calidad, \u00e1reas verdes, \u00e1reas de esparcimiento y una cuota de viviendas de inter\u00e9s p\u00fablico, los que ir\u00e1n en directo beneficio a la calidad de vida de las personas de la comuna de Punta Arenas\u201d.<br>En esta l\u00ednea, el Seremi de Gobierno, Andro Mimica, sostuvo: \u201cEs una muy buena noticia que nuestro gobierno comience a materializar el anuncio que dio el Presidente Gabriel Boric hace una semana atr\u00e1s, durante la entrega de los departamentos del sector Monte Tarn. Vamos a beneficiar a toda la comunidad de Punta Arenas, mujeres, hombres, ni\u00f1os, ni\u00f1as, adultos mayores, para que podamos recuperar un espacio de encuentro, una zona verde para el desarrollo de nuestro bienestar f\u00edsico y psicol\u00f3gico. Pero adem\u00e1s, seg\u00fan los datos del Censo 2017, s\u00f3lo alrededor del Club H\u00edpico, viven m\u00e1s de 15 mil personas, por lo tanto, entre<br>los beneficios en la creaci\u00f3n de este Parque Urbano, para todas y todos, estamos aumentando la plusval\u00eda de un sector que antes contaba s\u00f3lo con sitio eriazo, un importante espacio que est\u00e1 perdido\u201d.<br>En tanto el Seremi de Vivienda, Marco Uribe, indic\u00f3 que \u201cDesde el Ministerio de Vivienda y Urbanismo tomamos este anuncio presidencial como una gran noticia para la comunidad regional. Muy contentos tambi\u00e9n de que el Presidente haya compartido esta decisi\u00f3n desde Punta Arenas, donde quedar\u00e1 este gran legado. Es un anhelo de las vecinas y vecinos recuperar el Club H\u00edpico como un espacio de encuentro y qu\u00e9 mejor que con el desarrollo de un parque urbano, lo que va en sinton\u00eda con nuestro Plan de Ciudades Justas que plantea mayor equidad territorial\u201d.<\/p>\n\n\n\n<p>En relaci\u00f3n a las conversaciones que se han sostenido con los due\u00f1os de los terrenos se\u00f1alados, el Delegado Ruiz Pivcevic, expres\u00f3 que \u201cse remontan a varios meses atr\u00e1s y vemos que hay una voluntad de venta.<br>Nosotros nos regimos por las normas p\u00fablicas, por tanto, las primeras tasaciones que se hicieron del recinto estaban lejos de la expectativa, por lo mismo exploramos otras v\u00edas, todo dentro del marco legal, como estemcamino de la expropiaci\u00f3n, cuyas tasaciones pueden ser apelables por ambas partes. Si se considera que el valor es muy bajo, por parte del propietario, o si es que la tasaci\u00f3n es muy alta, por parte del Serviu. Lo importante, y quiero recalcar, que el anuncio del Presidente va avanzando\u201d.<br>En el d\u00eda de ayer se public\u00f3 en el Diario Oficial la aprobaci\u00f3n del programa que da inicio a la expropiaci\u00f3n, hoy, la conversaci\u00f3n fue con los vecinos del sector y sobre este encuentro el Delegado indica que \u201choy nos reunimos con vecinos y vecinas de la Junta de Vecinos N\u00b08 para comentar este proyecto y recoger sus inquietudes, ya que est\u00e1n muy cerca de este parque y su opini\u00f3n es importante\u201d Veinte hect\u00e1reas de terrenos, actualmente en poder del Club H\u00edpico, ser\u00edan expropiadas para la creaci\u00f3n de este parque urbano, con accesibilidad para toda la comunidad. Un legado y un anhelo personal del Presidente, que en pocos d\u00edas se ha transformado en un anhelo general de la poblaci\u00f3n.<\/p>\n","protected":false},"excerpt":{"rendered":"<p>En la Junta de Vecinos, el Delegado Presidencial Regional Jos\u00e9 Ruiz Pivcevic, junto al Seremi de Gobierno, Andro Mimica y el Seremi de Vivienda, Marco Uribe, informaron a la comunidad&#8230; <a class=\"read-more\" href=\"https:\/\/www.radiopresidenteibanez.cl\/web\/aprobado-decreto-que-da-inicio-a-la-expropiacion-de-terrenos-del-club-hipico-para-creacion-de-parque-urbano-en-punta-arenas\/\">Leer m\u00e1s<\/a><\/p>\n","protected":false},"author":2,"featured_media":49670,"comment_status":"closed","ping_status":"closed","sticky":false,"template":"","format":"standard","meta":{"footnotes":""},"categories":[1],"tags":[],"class_list":["post-49669","post","type-post","status-publish","format-standard","has-post-thumbnail","hentry","category-cronica"],"_links":{"self":[{"href":"https:\/\/www.radiopresidenteibanez.cl\/web\/wp-json\/wp\/v2\/posts\/49669","targetHints":{"allow":["GET"]}}],"collection":[{"href":"https:\/\/www.radiopresidenteibanez.cl\/web\/wp-json\/wp\/v2\/posts"}],"about":[{"href":"https:\/\/www.radiopresidenteibanez.cl\/web\/wp-json\/wp\/v2\/types\/post"}],"author":[{"embeddable":true,"href":"https:\/\/www.radiopresidenteibanez.cl\/web\/wp-json\/wp\/v2\/users\/2"}],"replies":[{"embeddable":true,"href":"https:\/\/www.radiopresidenteibanez.cl\/web\/wp-json\/wp\/v2\/comments?post=49669"}],"version-history":[{"count":0,"href":"https:\/\/www.radiopresidenteibanez.cl\/web\/wp-json\/wp\/v2\/posts\/49669\/revisions"}],"wp:featuredmedia":[{"embeddable":true,"href":"https:\/\/www.radiopresidenteibanez.cl\/web\/wp-json\/wp\/v2\/media\/49670"}],"wp:attachment":[{"href":"https:\/\/www.radiopresidenteibanez.cl\/web\/wp-json\/wp\/v2\/media?parent=49669"}],"wp:term":[{"taxonomy":"category","embeddable":true,"href":"https:\/\/www.radiopresidenteibanez.cl\/web\/wp-json\/wp\/v2\/categories?post=49669"},{"taxonomy":"post_tag","embeddable":true,"href":"https:\/\/www.radiopresidenteibanez.cl\/web\/wp-json\/wp\/v2\/tags?post=49669"}],"curies":[{"name":"wp","href":"https:\/\/api.w.org\/{rel}","templated":true}]}}