{"id":49666,"date":"2024-07-07T14:01:42","date_gmt":"2024-07-07T17:01:42","guid":{"rendered":"https:\/\/www.radiopresidenteibanez.cl\/web\/?p=49666"},"modified":"2024-07-07T14:01:47","modified_gmt":"2024-07-07T17:01:47","slug":"ya-agarraste-por-tu-cuenta-las-parrandas-paloma-negra-paloma-negra-donde-donde-andaras-canta-chavela-vargas","status":"publish","type":"post","link":"https:\/\/www.radiopresidenteibanez.cl\/web\/ya-agarraste-por-tu-cuenta-las-parrandas-paloma-negra-paloma-negra-donde-donde-andaras-canta-chavela-vargas\/","title":{"rendered":"Ya agarraste por tu cuenta las parrandas paloma negra paloma negra donde donde andaras..\u00bb canta Chavela Vargas"},"content":{"rendered":"\n<p>Le damos y le damos con esto de que la educaci\u00f3n es vital para relegar la ignorancia, pero no siempre se hace todo lo que se debe para lograr el objetivo. Nosotros, modestamente, llevamos m\u00e1s de 4 a\u00f1os entregando diariamente elementos para apoyar la educaci\u00f3n de los trabajadores y lo primero que hicimos, y lo reiteramos ahora, fue explicar y tratar de convencer a los abusados que son una clase, poderosa, \u00fanica, llamada a ser victoriosa, pues todas las manos trabajadoras son la fuerza que mueve maquinarias y entrega servicios en cada rinc\u00f3n de la tierra.<br>Sin el trabajo humano nada es completo.<br>Agosto estar\u00e1 lleno de novedades para nuestra organizaci\u00f3n y quienes forman parte de ella, pues la Escuela Sindical Luis Emilio Recabarren nuevamente se lanza a la tarea de fortalecer los conocimientos ya adquiridos y entrar en el an\u00e1lisis de nuevos temas que han sido instalados, comos las normas sobre jornada semanal de trabajo y el acoso, abuso y agresi\u00f3n hacia los trabajadores.<\/p>\n\n\n\n<p>2.- Todas las semanas en una sesi\u00f3n de 2 horas, aunque podr\u00edan llegar a ser hasta dos sesiones semanales, se trataran temas que ayudar\u00e1n a la gesti\u00f3n de dirigentes y trabajadores.<br>Nos pidieron poner \u00e9nfasis en el tr\u00e1mite de pensiones, principalmente en el que hacer cuando llega la edad en que se puede pensionar un trabajador(a), pero tambi\u00e9n pondremos atenci\u00f3n sobre el uso de los instrumentos existentes para fortalecer el contacto y la comunicaci\u00f3n con los socios, sin desconocer el rol de diarios murales y boletines informativos y por cierto seguiremos conociendo las normas sobre constituci\u00f3n de sindicatos y negociaci\u00f3n colectiva.<br>Nos educamos para ser mejores.<\/p>\n","protected":false},"excerpt":{"rendered":"<p>Le damos y le damos con esto de que la educaci\u00f3n es vital para relegar la ignorancia, pero no siempre se hace todo lo que se debe para lograr el&#8230; <a class=\"read-more\" href=\"https:\/\/www.radiopresidenteibanez.cl\/web\/ya-agarraste-por-tu-cuenta-las-parrandas-paloma-negra-paloma-negra-donde-donde-andaras-canta-chavela-vargas\/\">Leer m\u00e1s<\/a><\/p>\n","protected":false},"author":2,"featured_media":49667,"comment_status":"closed","ping_status":"closed","sticky":false,"template":"","format":"standard","meta":{"footnotes":""},"categories":[1],"tags":[],"class_list":["post-49666","post","type-post","status-publish","format-standard","has-post-thumbnail","hentry","category-cronica"],"_links":{"self":[{"href":"https:\/\/www.radiopresidenteibanez.cl\/web\/wp-json\/wp\/v2\/posts\/49666","targetHints":{"allow":["GET"]}}],"collection":[{"href":"https:\/\/www.radiopresidenteibanez.cl\/web\/wp-json\/wp\/v2\/posts"}],"about":[{"href":"https:\/\/www.radiopresidenteibanez.cl\/web\/wp-json\/wp\/v2\/types\/post"}],"author":[{"embeddable":true,"href":"https:\/\/www.radiopresidenteibanez.cl\/web\/wp-json\/wp\/v2\/users\/2"}],"replies":[{"embeddable":true,"href":"https:\/\/www.radiopresidenteibanez.cl\/web\/wp-json\/wp\/v2\/comments?post=49666"}],"version-history":[{"count":0,"href":"https:\/\/www.radiopresidenteibanez.cl\/web\/wp-json\/wp\/v2\/posts\/49666\/revisions"}],"wp:featuredmedia":[{"embeddable":true,"href":"https:\/\/www.radiopresidenteibanez.cl\/web\/wp-json\/wp\/v2\/media\/49667"}],"wp:attachment":[{"href":"https:\/\/www.radiopresidenteibanez.cl\/web\/wp-json\/wp\/v2\/media?parent=49666"}],"wp:term":[{"taxonomy":"category","embeddable":true,"href":"https:\/\/www.radiopresidenteibanez.cl\/web\/wp-json\/wp\/v2\/categories?post=49666"},{"taxonomy":"post_tag","embeddable":true,"href":"https:\/\/www.radiopresidenteibanez.cl\/web\/wp-json\/wp\/v2\/tags?post=49666"}],"curies":[{"name":"wp","href":"https:\/\/api.w.org\/{rel}","templated":true}]}}