{"id":49635,"date":"2024-07-05T14:19:00","date_gmt":"2024-07-05T17:19:00","guid":{"rendered":"https:\/\/www.radiopresidenteibanez.cl\/web\/?p=49635"},"modified":"2024-07-05T10:47:25","modified_gmt":"2024-07-05T13:47:25","slug":"ministerio-del-medio-ambiente-dio-inicio-a-implementacion-de-proyectos-para-el-reciclaje","status":"publish","type":"post","link":"https:\/\/www.radiopresidenteibanez.cl\/web\/ministerio-del-medio-ambiente-dio-inicio-a-implementacion-de-proyectos-para-el-reciclaje\/","title":{"rendered":"MINISTERIO DEL MEDIO AMBIENTE DIO INICIO A IMPLEMENTACION DE PROYECTOS PARA EL RECICLAJE"},"content":{"rendered":"\n<p>Este martes 2 de julio el Ministerio del Medio Ambiente realiz\u00f3 una ceremonia para iniciar la<br>implementaci\u00f3n de los 16 proyectos a nivel nacional, que se adjudicaron, este a\u00f1o, Fondos Para el Reciclaje (FPR). Programa de financiamiento de la Oficina de Econom\u00eda Circular del Ministerio,<br>dirigido a municipios y asociaciones municipales para fomentar iniciativas enfocadas en prevenir la generaci\u00f3n de residuos y fomentar su reutilizaci\u00f3n, reciclaje u otro tipo de valoraci\u00f3n.<br>El acto se llev\u00f3 a cabo de manera online y fue liderado por la encargada nacional del FPR, Loreto<br>Vera Fern\u00e1ndez; contando con la participaci\u00f3n de los encargados regionales y representantes de<br>los municipios que se adjudicaron los fondos.<br>Una de las instituciones que recibir\u00e1 el beneficio por un total de $13.750.000 es la Municipalidad<br>de Cabo de Hornos, a trav\u00e9s de Proyecto de Valorizaci\u00f3n de Residuos Org\u00e1nicos \u00abAurora Castro\u00bb,<br>que consistir\u00e1 en la adquisici\u00f3n de 90 contenedores y 2 carros de traslado de residuos org\u00e1nicos,<br>que facilitar\u00e1n el traslado desde un cami\u00f3n recolector a un invernadero donde estos ser\u00e1n<br>reutilizados para compost.<br>\u201cEste FPR significa un importante hito para la regi\u00f3n y para el pa\u00eds, ya que Cabo de Hornos es el<br>municipio m\u00e1s austral que ha recibido este fondo, lo que tambi\u00e9n se traduce en que el Ministerio del Medio Ambiente est\u00e1 llegando a comunas rurales y aisladas, para generar iniciativas que reduzcan la contaminaci\u00f3n y protejan el medio ambiente\u201d, destac\u00f3 el Seremi del Medio Ambiente de Magallanes, Enrique Rebolledo Toro.<br>Por su parte, el alcalde de Cabo de Hornos, Patricio Fern\u00e1ndez explic\u00f3 que \u201cen lo org\u00e1nico hemos decidido trabajar fuertemente. Le hemos dado una prioridad a este insumo, ya que nos permite entregar este compost a nuestros agricultores locales. Hoy d\u00eda hay un soporte econ\u00f3mico que nos entrega el Ministerio y que nos va a permitir ampliar este proyecto, que ya ven\u00edamos haciendo durante los a\u00f1os anteriores, a m\u00e1s familias, y tambi\u00e9n ir minimizando todo el ingreso de lo que antiguamente llegaba a nuestro botadero y que nos iba creando un problema. Hoy d\u00eda esta basura viene siendo una soluci\u00f3n.\u201d<br>La entrega de los fondos para Cabo de Hornos se llevar\u00e1 a cabo en el mes de agosto, para que as\u00ed puedan comenzar la ejecuci\u00f3n del proyecto en septiembre de este a\u00f1o.<br>\u201cDesde el \u00e1rea de Econom\u00eda Circular de nuestra Seremi, buscamos colaborar de manera pr\u00e1ctica<br>en las diversas estrategias territoriales relacionadas con la gesti\u00f3n de residuos para los municipios de la regi\u00f3n. Esta colaboraci\u00f3n se traduce tambi\u00e9n en oportunidades para generar proyectos piloto a peque\u00f1a escala, que proporcionen datos valiosos para diagn\u00f3sticos y que eventualmente permitan escalar ideas a largo plazo con financiamiento de otras instituciones p\u00fablicas como el Gobierno Regional y\/o Subdere. Invitamos a todos los municipios a participar en la pr\u00f3xima edici\u00f3n de los Fondos Para el Reciclaje (FPR) 2025, cuya convocatoria ser\u00e1 informada oportunamente por nuestras plataformas de comunicaci\u00f3n\u201d, fue el llamado del Encargado de Econom\u00eda Circular de la Seremi del Medio Ambiente de Magallanes, Jonathan Donaide B\u00f3rquez.<\/p>\n","protected":false},"excerpt":{"rendered":"<p>Este martes 2 de julio el Ministerio del Medio Ambiente realiz\u00f3 una ceremonia para iniciar laimplementaci\u00f3n de los 16 proyectos a nivel nacional, que se adjudicaron, este a\u00f1o, Fondos Para&#8230; <a class=\"read-more\" href=\"https:\/\/www.radiopresidenteibanez.cl\/web\/ministerio-del-medio-ambiente-dio-inicio-a-implementacion-de-proyectos-para-el-reciclaje\/\">Leer m\u00e1s<\/a><\/p>\n","protected":false},"author":2,"featured_media":49636,"comment_status":"closed","ping_status":"closed","sticky":false,"template":"","format":"standard","meta":{"footnotes":""},"categories":[1],"tags":[],"class_list":["post-49635","post","type-post","status-publish","format-standard","has-post-thumbnail","hentry","category-cronica"],"_links":{"self":[{"href":"https:\/\/www.radiopresidenteibanez.cl\/web\/wp-json\/wp\/v2\/posts\/49635","targetHints":{"allow":["GET"]}}],"collection":[{"href":"https:\/\/www.radiopresidenteibanez.cl\/web\/wp-json\/wp\/v2\/posts"}],"about":[{"href":"https:\/\/www.radiopresidenteibanez.cl\/web\/wp-json\/wp\/v2\/types\/post"}],"author":[{"embeddable":true,"href":"https:\/\/www.radiopresidenteibanez.cl\/web\/wp-json\/wp\/v2\/users\/2"}],"replies":[{"embeddable":true,"href":"https:\/\/www.radiopresidenteibanez.cl\/web\/wp-json\/wp\/v2\/comments?post=49635"}],"version-history":[{"count":0,"href":"https:\/\/www.radiopresidenteibanez.cl\/web\/wp-json\/wp\/v2\/posts\/49635\/revisions"}],"wp:featuredmedia":[{"embeddable":true,"href":"https:\/\/www.radiopresidenteibanez.cl\/web\/wp-json\/wp\/v2\/media\/49636"}],"wp:attachment":[{"href":"https:\/\/www.radiopresidenteibanez.cl\/web\/wp-json\/wp\/v2\/media?parent=49635"}],"wp:term":[{"taxonomy":"category","embeddable":true,"href":"https:\/\/www.radiopresidenteibanez.cl\/web\/wp-json\/wp\/v2\/categories?post=49635"},{"taxonomy":"post_tag","embeddable":true,"href":"https:\/\/www.radiopresidenteibanez.cl\/web\/wp-json\/wp\/v2\/tags?post=49635"}],"curies":[{"name":"wp","href":"https:\/\/api.w.org\/{rel}","templated":true}]}}