{"id":49620,"date":"2024-07-05T08:40:02","date_gmt":"2024-07-05T11:40:02","guid":{"rendered":"https:\/\/www.radiopresidenteibanez.cl\/web\/?p=49620"},"modified":"2024-07-05T08:40:26","modified_gmt":"2024-07-05T11:40:26","slug":"en-vacaciones-junaeb-continua-con-la-entrega-de-alimentacion-para-mas-de-mil-ninas-y-ninos-de-magallanes","status":"publish","type":"post","link":"https:\/\/www.radiopresidenteibanez.cl\/web\/en-vacaciones-junaeb-continua-con-la-entrega-de-alimentacion-para-mas-de-mil-ninas-y-ninos-de-magallanes\/","title":{"rendered":"EN VACACIONES JUNAEB CONTINUA CON LA ENTREGA DE ALIMENTACION PARA MAS DE MIL NI\u00d1AS Y NI\u00d1OS DE MAGALLANES"},"content":{"rendered":"\n<p>Durante estas vacaciones de invierno, entre los d\u00edas 1 al 5 de julio, el Instituto Don<br>Bosco se encuentra desarrollando, como cada a\u00f1o, sus colonias de invierno \u201cVilla<br>Feliz\u201d, alcanzando una convocatoria de m\u00e1s de 350 estudiantes de distintos<br>establecimientos de la regi\u00f3n que asisten como monitores o como ni\u00f1as y ni\u00f1os de<br>entre 5 y 11 a\u00f1os, que participan en las actividades. Aqu\u00ed Junaeb apoya con la entrega<br>de alimentaci\u00f3n a todos los asistentes de forma diaria, con un total de 268 raciones<br>d\u00eda, con servicios de almuerzo y once.<br>Para conocer este servicio de alimentaci\u00f3n que ofrece el Gobierno y conversar con los<br>monitores, ni\u00f1as y ni\u00f1as, el seremi de Educaci\u00f3n, Valent\u00edn Aguilera, junto el seremi de<br>Gobierno, Andro Mimica, se trasladaron hasta el Instituto salesiano para conocer esta<br>iniciativa. Despu\u00e9s de recorrer el recinto donde los ni\u00f1os disfrutaban de una amplia<br>variedad de actividades que inclu\u00edan la b\u00fasqueda del tesoro, competencias entre<br>alianzas, din\u00e1micas de grupo y juegos recreativos, las autoridades se trasladaron hasta<br>los comedores para conocer el servicio de alimentaci\u00f3n.<br>El seremi de Educaci\u00f3n, Valent\u00edn Aguilera, explic\u00f3: \u201cEl programa de alimentaci\u00f3n<br>escolar de Junaeb se sigue desarrollando tanto en los periodos de vacaciones de<br>verano como tambi\u00e9n en estas vacaciones de invierno. En este momento estamos en<br>las colonias de invierno que se desarrollan en el Instituto Don Bosco; y tambi\u00e9n este<br>programa va a seguir desarroll\u00e1ndose en los CEVAS, en las Colonias de Invierno de<br>Natales, y tambi\u00e9n en el English Winter Camp que organiza el Ministerio de Educaci\u00f3n.<br>Felicitamos esta iniciativa que permite alimentaci\u00f3n a cientos de estudiantes en la<br>regi\u00f3n de Magallanes en este periodo de receso, para mayor seguridad y tranquilidad<br>de las familias que dejan a sus hijos e hijas en estos espacios seguros, y en donde<br>tambi\u00e9n aprenden, comparten y socializan con amigos y compa\u00f1eros de diferentes<br>escuelas\u201d.<br>Luego de la conversaci\u00f3n con las manipuladoras de alimentos, las autoridades<br>pudieron conocer la coordinaci\u00f3n en la entrega del almuerzo por parte de las<br>encargadas a los monitores, quienes acomodaban los platos en las mesas con total<br>rapidez y coordinaci\u00f3n, en el momento justo cuando las ni\u00f1as y ni\u00f1os se sentaban a<br>saborear de una rico almuerzo, despu\u00e9s de una ajetreada ma\u00f1ana de juegos y<br>diversi\u00f3n<br>\u201cEl Presidente Gabriel Boric nos ha solicitado de que podamos ir recuperando el tejido<br>social de todo el territorio, y aqu\u00ed lo que estamos viendo a trav\u00e9s de las colonias que<br>levanta el Don Bosco, junto a la colaboraci\u00f3n de nuestro Gobierno, es que distintos<\/p>\n\n\n\n<p>ni\u00f1as<br>y ni\u00f1os puedan participar en un entorno seguro, pero adem\u00e1s la vinculaci\u00f3n con los<br>adolescentes y los j\u00f3venes que son los monitores, y que tambi\u00e9n a trav\u00e9s de estas<br>mismas colonias van descubriendo su futuro, su vocaci\u00f3n laboral\u201d, sostuvo el vocero<br>de Gobierno, Andro Mimica.<br>Luis C\u00e1rcamo, coordinador pastoral, asegura que el objetivo principal de las colonias<br>salesianas es ofrecerle una semana de entretenci\u00f3n en \u00e9poca de verano e invierno, un<br>espacio de diversi\u00f3n y formaci\u00f3n integral, inspirado en el esp\u00edritu de Don Bosco, con<br>actividades de catequesis y entretenci\u00f3n. El coordinador asegura que las familias<br>interesadas a\u00fan pueden inscribir a sus hijos, s\u00f3lo tienen que asistir al instituto a las 10<br>AM con los estudiantes interesados en pasar un d\u00eda de cuidado y entretenci\u00f3n.<br>Junaeb durante este periodo invernal entrega servicios de alimentaci\u00f3n de forma activa<br>a otros nueve proyectos desarrollados entre la comuna de Punta Arenas y Natales,<br>colaborando con las distintas redes, tales como, Secreduc (ingl\u00e9s abre puertas),<br>Parroquias de Punta Arenas (Cevas), Municipio de Puerto Natales (colonias de invierno<br>en la escuela Baudilia Avenda\u00f1o), tambi\u00e9n en el Liceo Monse\u00f1or Fagnando con sus<br>colonias de invierno \u201cVilla Feliz\u201d y al grupo de Scout, beneficiando a un total de m\u00e1s<br>de mil estudiantes de la regi\u00f3n.<\/p>\n","protected":false},"excerpt":{"rendered":"<p>Durante estas vacaciones de invierno, entre los d\u00edas 1 al 5 de julio, el Instituto DonBosco se encuentra desarrollando, como cada a\u00f1o, sus colonias de invierno \u201cVillaFeliz\u201d, alcanzando una convocatoria&#8230; <a class=\"read-more\" href=\"https:\/\/www.radiopresidenteibanez.cl\/web\/en-vacaciones-junaeb-continua-con-la-entrega-de-alimentacion-para-mas-de-mil-ninas-y-ninos-de-magallanes\/\">Leer m\u00e1s<\/a><\/p>\n","protected":false},"author":2,"featured_media":49621,"comment_status":"closed","ping_status":"closed","sticky":false,"template":"","format":"standard","meta":{"footnotes":""},"categories":[1],"tags":[],"class_list":["post-49620","post","type-post","status-publish","format-standard","has-post-thumbnail","hentry","category-cronica"],"_links":{"self":[{"href":"https:\/\/www.radiopresidenteibanez.cl\/web\/wp-json\/wp\/v2\/posts\/49620","targetHints":{"allow":["GET"]}}],"collection":[{"href":"https:\/\/www.radiopresidenteibanez.cl\/web\/wp-json\/wp\/v2\/posts"}],"about":[{"href":"https:\/\/www.radiopresidenteibanez.cl\/web\/wp-json\/wp\/v2\/types\/post"}],"author":[{"embeddable":true,"href":"https:\/\/www.radiopresidenteibanez.cl\/web\/wp-json\/wp\/v2\/users\/2"}],"replies":[{"embeddable":true,"href":"https:\/\/www.radiopresidenteibanez.cl\/web\/wp-json\/wp\/v2\/comments?post=49620"}],"version-history":[{"count":0,"href":"https:\/\/www.radiopresidenteibanez.cl\/web\/wp-json\/wp\/v2\/posts\/49620\/revisions"}],"wp:featuredmedia":[{"embeddable":true,"href":"https:\/\/www.radiopresidenteibanez.cl\/web\/wp-json\/wp\/v2\/media\/49621"}],"wp:attachment":[{"href":"https:\/\/www.radiopresidenteibanez.cl\/web\/wp-json\/wp\/v2\/media?parent=49620"}],"wp:term":[{"taxonomy":"category","embeddable":true,"href":"https:\/\/www.radiopresidenteibanez.cl\/web\/wp-json\/wp\/v2\/categories?post=49620"},{"taxonomy":"post_tag","embeddable":true,"href":"https:\/\/www.radiopresidenteibanez.cl\/web\/wp-json\/wp\/v2\/tags?post=49620"}],"curies":[{"name":"wp","href":"https:\/\/api.w.org\/{rel}","templated":true}]}}