{"id":49582,"date":"2024-07-03T16:29:00","date_gmt":"2024-07-03T19:29:00","guid":{"rendered":"https:\/\/www.radiopresidenteibanez.cl\/web\/?p=49582"},"modified":"2024-07-03T14:56:32","modified_gmt":"2024-07-03T17:56:32","slug":"minvu-llama-a-no-efectuar-pagos-por-servicios-asociados-a-postulacion-a-programas-habitacionales","status":"publish","type":"post","link":"https:\/\/www.radiopresidenteibanez.cl\/web\/minvu-llama-a-no-efectuar-pagos-por-servicios-asociados-a-postulacion-a-programas-habitacionales\/","title":{"rendered":"MINVU LLAMA A NO EFECTUAR PAGOS POR SERVICIOS ASOCIADOS A POSTULACION A PROGRAMAS HABITACIONALES"},"content":{"rendered":"\n<p>Las agrupaciones de vivienda se rigen por la Ley 19.418 de juntas de vecinos y dem\u00e1s organizaciones comunitarias. Entre las obligaciones legales que deben respetar sus asociados est\u00e1 no perseguir fines de lucro, es decir, no se puede solicitar cobro por servicios efectuados por su directiva o integrantes. La asamblea puede aprobar el pago de cuotas para actividades o fines comunes, dinero que debe ser justificado y rendido por la directiva, como parte de sus obligaciones legales.<\/p>\n\n\n\n<p>\u201cNinguna Entidad Patrocinante debidamente inscrita y con convenio vigente con una agrupaci\u00f3n de vivienda puede cobrar a sus integrantes por la organizaci\u00f3n de los antecedentes sociales y legales, ni por el desarrollo t\u00e9cnico del proyecto habitacional que posteriormente ingresa a revisi\u00f3n\u201d, precis\u00f3 el Seremi de Vivienda y Urbanismo, Marco Uribe Saldivia.<\/p>\n\n\n\n<p>En la Regi\u00f3n de Magallanes y de la Ant\u00e1rtica Chilena, las Entidades Patrocinantes con convenio vigente y que se encuentran desarrollando proyectos habitacionales para su postulaci\u00f3n son Inmobiliaria Salfa Austral Limitada, Inmobiliaria Ebco &#8211; Omcorp S.A., Retamal y Oyarz\u00fan Sociedad de Responsabilidad Limitada y Juan Pablo Jainaga Mallagaray.<\/p>\n\n\n\n<p>Por su parte, el Director Regional (S) del Serviu, Omar Gonz\u00e1lez Asenjo inform\u00f3 que las Entidades Patrocinantes son las encargadas de conformar las agrupaciones vivienda con personas que cumplan los requisitos, seg\u00fan el programa habitacional.<\/p>\n\n\n\n<p>\u201cTanto el Programa Fondo Solidario de Elecci\u00f3n de Vivienda regido por el D.S.N\u00b049 como el Programa para sectores medios normado en el D.S.N\u00b001, establecen requisitos sociales y legales que deben cumplir los integrantes de las agrupaciones, a lo que se suma contar con un terreno h\u00e1bil y con la cabida para el n\u00famero de integrantes\u201d, indic\u00f3 Omar Gonz\u00e1lez.<\/p>\n\n\n\n<p>En cuanto a la informaci\u00f3n sobre posibles cobros por las funciones que competen a las Entidades Patrocinantes, desde el MINVU informaron que los antecedentes fueron puestos a disposici\u00f3n de Fiscal\u00eda.<\/p>\n\n\n\n<p>Mayores consultas o denuncias se pueden remitir al correo electr\u00f3nico&nbsp;<a href=\"mailto:serviumagallanes@minvu.cl\" target=\"_blank\" rel=\"noreferrer noopener\">serviumagallanes@minvu.cl<\/a><\/p>\n\n\n\n<p><strong>Informaci\u00f3n en canales institucionales<\/strong><\/p>\n\n\n\n<p>Las autoridades anunciaron que el segundo semestre de este a\u00f1o se iniciar\u00e1 un segundo ciclo de charlas informativas y talleres a agrupaciones de vivienda que a\u00fan no han participado en estas instancias. El calendario de charlas ser\u00e1 comunicado a las directivas de las organizaciones y tambi\u00e9n en redes sociales de la Seremi MINVU y el SERVIU regional, para asegurar que la informaci\u00f3n llegue a las bases de las organizaciones.<\/p>\n\n\n\n<p>En estos talleres se dar\u00e1n a conocer los requisitos y modalidades de postulaci\u00f3n individual y colectiva de los Programas D.S.N\u00b049 Fondo Solidario de Elecci\u00f3n de Vivienda y D.S.N\u00b001 Programa para sectores medios y emergentes; funciones de las Entidades Patrocinantes en el Plan de Acompa\u00f1amiento Social y buenas pr\u00e1cticas de agrupaciones de vivienda.<\/p>\n\n\n\n<p>En el segundo semestre de 2023 y primer semestre del presente a\u00f1o, se han efectuado talleres a m\u00e1s de una decena de organizaciones, la mayor\u00eda de las cuales ya se encuentra en etapa de formulaci\u00f3n de proyectos por parte de Entidades Patrocinantes.<\/p>\n","protected":false},"excerpt":{"rendered":"<p>Las agrupaciones de vivienda se rigen por la Ley 19.418 de juntas de vecinos y dem\u00e1s organizaciones comunitarias. Entre las obligaciones legales que deben respetar sus asociados est\u00e1 no perseguir&#8230; <a class=\"read-more\" href=\"https:\/\/www.radiopresidenteibanez.cl\/web\/minvu-llama-a-no-efectuar-pagos-por-servicios-asociados-a-postulacion-a-programas-habitacionales\/\">Leer m\u00e1s<\/a><\/p>\n","protected":false},"author":2,"featured_media":49583,"comment_status":"closed","ping_status":"closed","sticky":false,"template":"","format":"standard","meta":{"footnotes":""},"categories":[1],"tags":[],"class_list":["post-49582","post","type-post","status-publish","format-standard","has-post-thumbnail","hentry","category-cronica"],"_links":{"self":[{"href":"https:\/\/www.radiopresidenteibanez.cl\/web\/wp-json\/wp\/v2\/posts\/49582","targetHints":{"allow":["GET"]}}],"collection":[{"href":"https:\/\/www.radiopresidenteibanez.cl\/web\/wp-json\/wp\/v2\/posts"}],"about":[{"href":"https:\/\/www.radiopresidenteibanez.cl\/web\/wp-json\/wp\/v2\/types\/post"}],"author":[{"embeddable":true,"href":"https:\/\/www.radiopresidenteibanez.cl\/web\/wp-json\/wp\/v2\/users\/2"}],"replies":[{"embeddable":true,"href":"https:\/\/www.radiopresidenteibanez.cl\/web\/wp-json\/wp\/v2\/comments?post=49582"}],"version-history":[{"count":0,"href":"https:\/\/www.radiopresidenteibanez.cl\/web\/wp-json\/wp\/v2\/posts\/49582\/revisions"}],"wp:featuredmedia":[{"embeddable":true,"href":"https:\/\/www.radiopresidenteibanez.cl\/web\/wp-json\/wp\/v2\/media\/49583"}],"wp:attachment":[{"href":"https:\/\/www.radiopresidenteibanez.cl\/web\/wp-json\/wp\/v2\/media?parent=49582"}],"wp:term":[{"taxonomy":"category","embeddable":true,"href":"https:\/\/www.radiopresidenteibanez.cl\/web\/wp-json\/wp\/v2\/categories?post=49582"},{"taxonomy":"post_tag","embeddable":true,"href":"https:\/\/www.radiopresidenteibanez.cl\/web\/wp-json\/wp\/v2\/tags?post=49582"}],"curies":[{"name":"wp","href":"https:\/\/api.w.org\/{rel}","templated":true}]}}