{"id":49557,"date":"2024-07-02T16:59:00","date_gmt":"2024-07-02T19:59:00","guid":{"rendered":"https:\/\/www.radiopresidenteibanez.cl\/web\/?p=49557"},"modified":"2024-07-02T15:27:17","modified_gmt":"2024-07-02T18:27:17","slug":"inach-mostro-a-la-comunidad-el-funcionamiento-de-sus-sensores-del-cambio-climatico-en-la-antartica","status":"publish","type":"post","link":"https:\/\/www.radiopresidenteibanez.cl\/web\/inach-mostro-a-la-comunidad-el-funcionamiento-de-sus-sensores-del-cambio-climatico-en-la-antartica\/","title":{"rendered":"INACH MOSTRO A LA COMUNIDAD EL FUNCIONAMIENTO DE SUS SENSORES DEL CAMBIO CLIMATICO EN LA ANTARTICA"},"content":{"rendered":"\n<p>En una nueva jornada de los encuentros \u201cCiencia y chocolate\u201d que lleva a cabo el Instituto Ant\u00e1rtico Chileno (INACH), investigadores de su Unidad de Proyectos presentaron a la comunidad la Red Latitudinal de Estaciones Multiparam\u00e9tricas destinada a medir y monitorear los efectos del cambio clim\u00e1tico en la pen\u00ednsula Ant\u00e1rtica.<\/p>\n\n\n\n<p>En la oportunidad, Basti\u00e1n Oyarce y Cristofer Huenchuman conversaron sobre la enorme dificultad que implica la instalaci\u00f3n de cada uno de los sensores, pero a su vez, el inmenso beneficio de que la comunidad cient\u00edfica acceda a estos datos de tierras polares.<\/p>\n\n\n\n<p>En la LX Expedici\u00f3n Cient\u00edfica Ant\u00e1rtica (ECA 60) reci\u00e9n finalizada, se instalaron tres nuevas estaciones de esta red.&nbsp;Este logro fue posible gracias a la colaboraci\u00f3n institucional del INACH con la Direcci\u00f3n Meteorol\u00f3gica de Chile (DMC), que permiti\u00f3 establecer estos puntos en ubicaciones geogr\u00e1ficamente desafiantes del continente ant\u00e1rtico, como son las islas D\u2019Hainaut, Alcock y Livingston.<\/p>\n\n\n\n<p>Adem\u00e1s, para esta campa\u00f1a tambi\u00e9n se tuvo el apoyo del Ej\u00e9rcito de Chile a trav\u00e9s del Teniente Coronel Fernando Inostroza, quien asesor\u00f3 el trabajo del equipo en los campamentos junto al log\u00edstico de INACH, Ignacio Reyes, quienes gestionaron aspectos clave como la alimentaci\u00f3n, el montaje y desmontaje del campamento, entre otras funciones.<\/p>\n\n\n\n<p>Hasta el momento se han instalado 13 sensores y se espera llegar a 21 en los pr\u00f3ximos a\u00f1os. Los artefactos instalados son capaces de medir temperatura, humedad, temperatura del suelo, altura nieve, direcci\u00f3n y velocidad del viento, presi\u00f3n atmosf\u00e9rica, radiaci\u00f3n neta, radiaci\u00f3n fotosint\u00e9tica activa, radiaci\u00f3n de onda corta y larga, entre otros. Los datos son p\u00fablicos y est\u00e1n alojados en:<\/p>\n\n\n\n<figure class=\"wp-block-embed\"><div class=\"wp-block-embed__wrapper\">\nhttps:\/\/www.redsensoresinach.cl\/index.php?e_cod=ANTES&#038;pag=mod_estacion\n<\/div><\/figure>\n\n\n\n<p>El INACH es un organismo t\u00e9cnico del Ministerio de Relaciones Exteriores con plena autonom\u00eda en todo lo relacionado con asuntos ant\u00e1rticos de car\u00e1cter cient\u00edfico, tecnol\u00f3gico y de difusi\u00f3n. El INACH cumple con la Pol\u00edtica Ant\u00e1rtica Nacional incentivando el desarrollo de la investigaci\u00f3n de excelencia, participando efectivamente en el Sistema del Tratado Ant\u00e1rtico y foros relacionados, fortaleciendo a Magallanes como puerta de entrada al Continente Blanco y realizando acciones de divulgaci\u00f3n del conocimiento ant\u00e1rtico en la ciudadan\u00eda.<\/p>\n","protected":false},"excerpt":{"rendered":"<p>En una nueva jornada de los encuentros \u201cCiencia y chocolate\u201d que lleva a cabo el Instituto Ant\u00e1rtico Chileno (INACH), investigadores de su Unidad de Proyectos presentaron a la comunidad la&#8230; <a class=\"read-more\" href=\"https:\/\/www.radiopresidenteibanez.cl\/web\/inach-mostro-a-la-comunidad-el-funcionamiento-de-sus-sensores-del-cambio-climatico-en-la-antartica\/\">Leer m\u00e1s<\/a><\/p>\n","protected":false},"author":2,"featured_media":49558,"comment_status":"closed","ping_status":"closed","sticky":false,"template":"","format":"standard","meta":{"footnotes":""},"categories":[1],"tags":[],"class_list":["post-49557","post","type-post","status-publish","format-standard","has-post-thumbnail","hentry","category-cronica"],"_links":{"self":[{"href":"https:\/\/www.radiopresidenteibanez.cl\/web\/wp-json\/wp\/v2\/posts\/49557","targetHints":{"allow":["GET"]}}],"collection":[{"href":"https:\/\/www.radiopresidenteibanez.cl\/web\/wp-json\/wp\/v2\/posts"}],"about":[{"href":"https:\/\/www.radiopresidenteibanez.cl\/web\/wp-json\/wp\/v2\/types\/post"}],"author":[{"embeddable":true,"href":"https:\/\/www.radiopresidenteibanez.cl\/web\/wp-json\/wp\/v2\/users\/2"}],"replies":[{"embeddable":true,"href":"https:\/\/www.radiopresidenteibanez.cl\/web\/wp-json\/wp\/v2\/comments?post=49557"}],"version-history":[{"count":0,"href":"https:\/\/www.radiopresidenteibanez.cl\/web\/wp-json\/wp\/v2\/posts\/49557\/revisions"}],"wp:featuredmedia":[{"embeddable":true,"href":"https:\/\/www.radiopresidenteibanez.cl\/web\/wp-json\/wp\/v2\/media\/49558"}],"wp:attachment":[{"href":"https:\/\/www.radiopresidenteibanez.cl\/web\/wp-json\/wp\/v2\/media?parent=49557"}],"wp:term":[{"taxonomy":"category","embeddable":true,"href":"https:\/\/www.radiopresidenteibanez.cl\/web\/wp-json\/wp\/v2\/categories?post=49557"},{"taxonomy":"post_tag","embeddable":true,"href":"https:\/\/www.radiopresidenteibanez.cl\/web\/wp-json\/wp\/v2\/tags?post=49557"}],"curies":[{"name":"wp","href":"https:\/\/api.w.org\/{rel}","templated":true}]}}