{"id":49554,"date":"2024-07-02T15:49:00","date_gmt":"2024-07-02T18:49:00","guid":{"rendered":"https:\/\/www.radiopresidenteibanez.cl\/web\/?p=49554"},"modified":"2024-07-02T15:23:02","modified_gmt":"2024-07-02T18:23:02","slug":"partio-la-postulacion-al-subsidio-electrico-y-gobierno-propone-formulas-para-triplicar-numero-de-personas-beneficiadas","status":"publish","type":"post","link":"https:\/\/www.radiopresidenteibanez.cl\/web\/partio-la-postulacion-al-subsidio-electrico-y-gobierno-propone-formulas-para-triplicar-numero-de-personas-beneficiadas\/","title":{"rendered":"PARTIO LA POSTULACION AL SUBSIDIO ELECTRICO Y GOBIERNO PROPONE FORMULAS PARA TRIPLICAR NUMERO DE PERSONAS BENEFICIADAS"},"content":{"rendered":"\n<p>Con una difusi\u00f3n en la Zona Franca de Punta Arenas, el seremi de Energ\u00eda de Magallanes, Sergio Cuiti\u00f1o, junto al vocero de Gobierno, Andro Mimica, dieron abrieron la postulaci\u00f3n al Subsidio El\u00e9ctrico que, en su primera etapa comprender\u00e1 el per\u00edodo que va desde el 1 al 14 de julio.&nbsp;<\/p>\n\n\n\n<p>En este contexto, las autoridades regionales entregaron volantes informativos sobre la postulaci\u00f3n, los grupos priorizados y los diferentes canales y lugares de orientaci\u00f3n disponibles para un adecuado acceso al beneficio que impulsa el Gobierno.<\/p>\n\n\n\n<p>\u201cHoy parte la primera etapa de postulaciones al Subsidio El\u00e9ctrico que nace a partir de la ley de estabilizaci\u00f3n de la tarifa el\u00e9ctrica promulgada en mayo de este a\u00f1o, y que se encontraba congelada desde el 2019 en todo Chile. Producto de ello se ha provocado un endeudamiento con las empresas generadoras de todos quienes habitamos el pa\u00eds, por un monto a la fecha, del orden de los 6.000 millones de d\u00f3lares\u201d, cont\u00f3 el seremi de Energ\u00eda, Sergio Cuiti\u00f1o.<\/p>\n\n\n\n<p>Cuti\u00f1o a\u00f1adi\u00f3 que \u201cde no existir el subsidio, se hubiese provocado un aumento de las tarifas de un 150% en mayo de este a\u00f1o\u201d, detall\u00f3.<\/p>\n\n\n\n<p>Seg\u00fan el titular regional de Energ\u00eda, la postulaci\u00f3n estar\u00e1 abierta desde el 1 al 14 de julio; pueden postular todas aquellas personas que pertenezcan al 40% del Registro Social de Hogares y podr\u00e1n realizar el tr\u00e1mite de manera presencial en las oficinas de la Superintendencia de Electricidad y Combustibles (SEC), en la oficina de la Seremi de Energ\u00eda ubicada en calle O\u2019 Higgins 693, en los municipios y en las oficinas de ChileAtiende.<\/p>\n\n\n\n<p>El seremi Cuiti\u00f1o agreg\u00f3 que tambi\u00e9n se puede realizar la postulaci\u00f3n desde un tel\u00e9fono m\u00f3vil o un computador entrando al portal informativo&nbsp;<a href=\"http:\/\/www.xn--subsidioelctrico-kqb.cl\/\" target=\"_blank\" rel=\"noreferrer noopener\">www.subsidioelectrico.cl<\/a>, \u00abdonde adem\u00e1s se puede encontrar informaci\u00f3n complementaria y orientaci\u00f3n frente a diversas dudas que puedan surgir\u201d, precis\u00f3.<\/p>\n\n\n\n<p><strong>AMPLIACI\u00d3N DE COBERTURA<\/strong><\/p>\n\n\n\n<p>Respecto a la posibilidad de ampliar la cobertura, el seremi de Energ\u00eda dijo que el Gobierno se encuentra trabajando para incrementar el monto del subsidio en regiones con Sistemas Medianos y, sumado a esto, aumentar la cantidad de beneficiarios a fin de llegar a la m\u00e1xima cantidad de familias vulnerables.<\/p>\n\n\n\n<p>En este sentido, Cuiti\u00f1o adelant\u00f3 que el Ejecutivo ya est\u00e1 dise\u00f1ando opciones para incrementar los recursos, las cuales se guiar\u00e1n por dos principios: ser un sistema autocontenido y fiscalmente responsable.<\/p>\n\n\n\n<p>Es as\u00ed que, de acuerdo con lo informado por el ministro de Energ\u00eda Diego Pardow en el Palacio de La Moneda, la propuesta del Gobierno para ampliar la cobertura buscar\u00e1, adem\u00e1s, aumentar el monto del subsidio para aquellos hogares beneficiarios que pertenezcan a Sistemas Medianos, ubicados en las regiones de Ays\u00e9n, Magallanes y Los Lagos; establecer un subsidio adicional para hogares donde habiten personas electrodependientes; y ampliar en un a\u00f1o la entrega del subsidio con una disminuci\u00f3n gradual hasta el 2027.<\/p>\n\n\n\n<p>La medida, seg\u00fan explic\u00f3 el secretario de Estado buscar\u00e1 que la expansi\u00f3n del subsidio sea financiada en base a tres pilares: una sobretasa temporal del impuesto verde al carbono; un aumento en el cargo por servicio p\u00fablico correspondiente a los mayores consumidores industriales; y un mayor aporte fiscal v\u00eda la mayor recaudaci\u00f3n del IVA asociado al alza de las tarifas de electricidad.<\/p>\n\n\n\n<p>En esta misma l\u00ednea el seremi de Gobierno, Andro Mimica, complement\u00f3 que el Gobierno trabaja para, lo m\u00e1s r\u00e1pido posible, aumentar el alcance del beneficio y con ello triplicar el n\u00famero de beneficiarios, pasando de tres a diez millones de personas, es decir, el 40% del Registro Social de Hogares en su totalidad.<\/p>\n\n\n\n<p>\u201cPara nosotros como Gobierno es muy importante poder aumentar la cantidad de la poblaci\u00f3n beneficiada, pero adem\u00e1s con una mirada hacia el territorio, porque hay una mirada especial hacia Los Lagos, Ays\u00e9n y tambi\u00e9n en Magallanes (\u2026)\u201d, explic\u00f3 el seremi Mimica agregando que: \u201cAs\u00ed como lo ha dicho nuestro ministro de Hacienda y nuestro ministro de Energ\u00eda, para poder aumentar los recursos, necesitamos recursos; es por ello que estamos buscando f\u00f3rmulas para proponer al parlamento\u201d.<\/p>\n\n\n\n<p>Tras la difusi\u00f3n en el recinto franco, el seremi de Energ\u00eda agradeci\u00f3 la colaboraci\u00f3n de la Zona Austral (Zona Franca), quienes facilitaron el espacio para informar a las personas sobre las fechas, los requisitos y los canales de informativos disponibles para acceder al Subsidio El\u00e9ctrico.<\/p>\n\n\n\n<p><strong>REQUISITOS, POSTULACI\u00d3N Y CANALES INFORMATIVOS<\/strong><\/p>\n\n\n\n<p>Para resolver dudas del proceso, adem\u00e1s del sitio web, se implement\u00f3 un servicio de atenci\u00f3n telef\u00f3nica 600 6000 732 y el n\u00famero de WhatsApp +569 9000 0236 que funcionar\u00e1 las 24 horas del d\u00eda.<\/p>\n\n\n\n<p>Los principales requisitos de postulaci\u00f3n al subsidio el\u00e9ctrico son: pertenecer a un hogar que se encuentre en dentro del 40% m\u00e1s vulnerable del Registro Social de Hogares, y estar al d\u00eda en las cuentas de electricidad o, en su defecto, tener suscrito un convenio de pago al momento de la asignaci\u00f3n del beneficio; adem\u00e1s se beneficiar\u00e1 a personas cuidadoras, personas objeto de cuidado y tercera edad.<\/p>\n\n\n\n<p>El proceso de postulaci\u00f3n parti\u00f3 el 1 de julio en el sitio web&nbsp;<a href=\"http:\/\/www.subsidioelectrico.cl\/\" target=\"_blank\" rel=\"noreferrer noopener\">www.subsidioelectrico.cl<\/a>&nbsp;y se extender\u00e1 hasta el 14 de julio a las 23:59 horas. Para realizar el tr\u00e1mite se deber\u00e1 acceder con Clave \u00danica. Los beneficiados con el subsidio lo ver\u00e1n materializado a trav\u00e9s de un descuento en sus boletas de luz.&nbsp;<\/p>\n","protected":false},"excerpt":{"rendered":"<p>Con una difusi\u00f3n en la Zona Franca de Punta Arenas, el seremi de Energ\u00eda de Magallanes, Sergio Cuiti\u00f1o, junto al vocero de Gobierno, Andro Mimica, dieron abrieron la postulaci\u00f3n al&#8230; <a class=\"read-more\" href=\"https:\/\/www.radiopresidenteibanez.cl\/web\/partio-la-postulacion-al-subsidio-electrico-y-gobierno-propone-formulas-para-triplicar-numero-de-personas-beneficiadas\/\">Leer m\u00e1s<\/a><\/p>\n","protected":false},"author":2,"featured_media":49555,"comment_status":"closed","ping_status":"closed","sticky":false,"template":"","format":"standard","meta":{"footnotes":""},"categories":[1],"tags":[],"class_list":["post-49554","post","type-post","status-publish","format-standard","has-post-thumbnail","hentry","category-cronica"],"_links":{"self":[{"href":"https:\/\/www.radiopresidenteibanez.cl\/web\/wp-json\/wp\/v2\/posts\/49554","targetHints":{"allow":["GET"]}}],"collection":[{"href":"https:\/\/www.radiopresidenteibanez.cl\/web\/wp-json\/wp\/v2\/posts"}],"about":[{"href":"https:\/\/www.radiopresidenteibanez.cl\/web\/wp-json\/wp\/v2\/types\/post"}],"author":[{"embeddable":true,"href":"https:\/\/www.radiopresidenteibanez.cl\/web\/wp-json\/wp\/v2\/users\/2"}],"replies":[{"embeddable":true,"href":"https:\/\/www.radiopresidenteibanez.cl\/web\/wp-json\/wp\/v2\/comments?post=49554"}],"version-history":[{"count":0,"href":"https:\/\/www.radiopresidenteibanez.cl\/web\/wp-json\/wp\/v2\/posts\/49554\/revisions"}],"wp:featuredmedia":[{"embeddable":true,"href":"https:\/\/www.radiopresidenteibanez.cl\/web\/wp-json\/wp\/v2\/media\/49555"}],"wp:attachment":[{"href":"https:\/\/www.radiopresidenteibanez.cl\/web\/wp-json\/wp\/v2\/media?parent=49554"}],"wp:term":[{"taxonomy":"category","embeddable":true,"href":"https:\/\/www.radiopresidenteibanez.cl\/web\/wp-json\/wp\/v2\/categories?post=49554"},{"taxonomy":"post_tag","embeddable":true,"href":"https:\/\/www.radiopresidenteibanez.cl\/web\/wp-json\/wp\/v2\/tags?post=49554"}],"curies":[{"name":"wp","href":"https:\/\/api.w.org\/{rel}","templated":true}]}}